{"id":2022,"date":"2007-10-03T17:33:00","date_gmt":"2007-10-03T17:33:00","guid":{"rendered":"http:\/\/www.toque-musicall.com\/?p=2022"},"modified":"2007-10-03T17:33:00","modified_gmt":"2007-10-03T17:33:00","slug":"os-incriveis-1970","status":"publish","type":"post","link":"https:\/\/www.toque-musicall.com\/?p=2022","title":{"rendered":"Os Incr\u00edveis (1970)"},"content":{"rendered":"<p><a href=\"http:\/\/2.bp.blogspot.com\/_DSKVEvHtskc\/RwPSizF5fCI\/AAAAAAAAAdk\/recVKihql7Y\/s1600-h\/Os+Incr%C3%83%C2%ADveis+(1970)+Os+Incr%C3%83%C2%ADveis.JPG\"><img decoding=\"async\" id=\"BLOGGER_PHOTO_ID_5117165096895347746\" style=\"DISPLAY: block; MARGIN: 0px auto 10px; CURSOR: hand; TEXT-ALIGN: center\" alt=\"\" src=\"http:\/\/2.bp.blogspot.com\/_DSKVEvHtskc\/RwPSizF5fCI\/AAAAAAAAAdk\/recVKihql7Y\/s400\/Os+Incr%C3%ADveis+(1970)+Os+Incr%C3%ADveis.JPG\" border=\"0\" \/><\/a> Na mesma seq\u00fcencia e sintonia, segue agora o \u00e1lbum de 70, outro grande disco. Embora muito mal falado por muitos, devido a emblem\u00e1tica m\u00fasica de Dom e Ravel &#8220;Eu te amo meu Brasil&#8221;, que foi de imediato associada \u00e0 propaganda a favor do governo militar e a ditadura. Acho que foi em raz\u00e3o disso que eles pararam. Acho tamb\u00e9m que esta parada foi fatal, minando todas as outras tentativas de retorno. Uma pena&#8230; Sei que alguns dos integrantes se reuniram e lan\u00e7aram em 2001 um disco ao vivo. Eu bem que gostaria de ouvir, ainda n\u00e3o tive a oportunidade de ach\u00e1-lo. Se algu\u00e9m souber e puder me dar uma dica de onde baix\u00e1-lo, ficarei grato. \ud83d\ude42<\/p>\n<div align=\"center\"><\/div>\n<div align=\"center\">01 Adeus amigo vagabundo ( Tributo a Jimmy Hendrix )<\/div>\n<div align=\"center\">02 Vou pra beira do mar esperar o sol <\/div>\n<div align=\"center\">03 Eu te amo meu Brasil <\/div>\n<div align=\"center\">04 Voc\u00ea pensa que \u00e9 a tal <\/div>\n<div align=\"center\">05 Mundo de amor <\/div>\n<div align=\"center\">06 Eu preciso me livrar de voc\u00ea <\/div>\n<div align=\"center\">07 Question <\/div>\n<div align=\"center\">08 Sem destino (Vagabondo) <\/div>\n<div align=\"center\">09 You keep me hangin&#8217; on <\/div>\n<div align=\"center\">10 Hi-de-ho<\/div>\n<div align=\"center\"><\/div>\n<div align=\"center\"><\/div>\n","protected":false},"excerpt":{"rendered":"<p>Na mesma seq\u00fcencia e sintonia, segue agora o \u00e1lbum de 70, outro grande disco. Embora muito mal falado por muitos, devido a emblem\u00e1tica m\u00fasica de Dom e Ravel &#8220;Eu te amo meu Brasil&#8221;, que foi de imediato associada \u00e0 propaganda &hellip; <a href=\"https:\/\/www.toque-musicall.com\/?p=2022\">Continue lendo <span class=\"meta-nav\">&rarr;<\/span><\/a><\/p>\n","protected":false},"author":1,"featured_media":0,"comment_status":"open","ping_status":"closed","sticky":false,"template":"","format":"standard","meta":{"footnotes":""},"categories":[370],"tags":[],"class_list":["post-2022","post","type-post","status-publish","format-standard","hentry","category-os-incriveis"],"_links":{"self":[{"href":"https:\/\/www.toque-musicall.com\/index.php?rest_route=\/wp\/v2\/posts\/2022","targetHints":{"allow":["GET"]}}],"collection":[{"href":"https:\/\/www.toque-musicall.com\/index.php?rest_route=\/wp\/v2\/posts"}],"about":[{"href":"https:\/\/www.toque-musicall.com\/index.php?rest_route=\/wp\/v2\/types\/post"}],"author":[{"embeddable":true,"href":"https:\/\/www.toque-musicall.com\/index.php?rest_route=\/wp\/v2\/users\/1"}],"replies":[{"embeddable":true,"href":"https:\/\/www.toque-musicall.com\/index.php?rest_route=%2Fwp%2Fv2%2Fcomments&post=2022"}],"version-history":[{"count":0,"href":"https:\/\/www.toque-musicall.com\/index.php?rest_route=\/wp\/v2\/posts\/2022\/revisions"}],"wp:attachment":[{"href":"https:\/\/www.toque-musicall.com\/index.php?rest_route=%2Fwp%2Fv2%2Fmedia&parent=2022"}],"wp:term":[{"taxonomy":"category","embeddable":true,"href":"https:\/\/www.toque-musicall.com\/index.php?rest_route=%2Fwp%2Fv2%2Fcategories&post=2022"},{"taxonomy":"post_tag","embeddable":true,"href":"https:\/\/www.toque-musicall.com\/index.php?rest_route=%2Fwp%2Fv2%2Ftags&post=2022"}],"curies":[{"name":"wp","href":"https:\/\/api.w.org\/{rel}","templated":true}]}}