{"id":2023,"date":"2007-10-03T17:04:00","date_gmt":"2007-10-03T17:04:00","guid":{"rendered":"http:\/\/www.toque-musicall.com\/?p=2023"},"modified":"2007-10-03T17:04:00","modified_gmt":"2007-10-03T17:04:00","slug":"os-incriveis-1969","status":"publish","type":"post","link":"https:\/\/www.toque-musicall.com\/?p=2023","title":{"rendered":"Os Incr\u00edveis (1969)"},"content":{"rendered":"<p><a href=\"http:\/\/4.bp.blogspot.com\/_DSKVEvHtskc\/RwPL1TF5fBI\/AAAAAAAAAdc\/WS4EhtMlqik\/s1600-h\/Os+Incr%C3%83%C2%ADveis+(1969)+Os+Incr%C3%83%C2%ADveis.JPG\"><img decoding=\"async\" id=\"BLOGGER_PHOTO_ID_5117157718141533202\" style=\"DISPLAY: block; MARGIN: 0px auto 10px; CURSOR: hand; TEXT-ALIGN: center\" alt=\"\" src=\"http:\/\/4.bp.blogspot.com\/_DSKVEvHtskc\/RwPL1TF5fBI\/AAAAAAAAAdc\/WS4EhtMlqik\/s400\/Os+Incr%C3%ADveis+(1969)+Os+Incr%C3%ADveis.JPG\" border=\"0\" \/><\/a> N\u00e3o sei se ja deu para perceber, mas sou fan dos Incr\u00edveis, principalmente nesta fase que vai de 1968 a 72. Este disco de 69 \u00e9 tudo de bom e por essa e outras que n\u00e3o pode faltar no Toque Musical. Este \u00e1lbum foi relan\u00e7ado em cd juntamente com o de 70, na S\u00e9rie 2 em 1 como um presente. Dois dos melhores discos da banda que eu n\u00e3o irei poupar um toque.<\/p>\n<div align=\"center\">01 Vendedor de bananas<\/div>\n<div align=\"center\"> 02 Renascer\u00e1 <\/div>\n<div align=\"center\">03 O vagabundo (Giramondo) <\/div>\n<div align=\"center\">04 Quando vejo o sol <\/div>\n<div align=\"center\">05 See saw<\/div>\n<div align=\"center\"> 06 Voc\u00ea n\u00e3o foi aquilo que pensei <\/div>\n<div align=\"center\">07 Que coisa linda <\/div>\n<div align=\"center\">08 Vendi os bois <\/div>\n<div align=\"center\">09 Embora <\/div>\n<div align=\"center\">10 Jurema <\/div>\n<div align=\"center\">11 Pra onde \u00e9 que eu vou<\/div>\n<div align=\"center\"><\/div>\n<div align=\"center\"><\/div>\n","protected":false},"excerpt":{"rendered":"<p>N\u00e3o sei se ja deu para perceber, mas sou fan dos Incr\u00edveis, principalmente nesta fase que vai de 1968 a 72. Este disco de 69 \u00e9 tudo de bom e por essa e outras que n\u00e3o pode faltar no Toque &hellip; <a href=\"https:\/\/www.toque-musicall.com\/?p=2023\">Continue lendo <span class=\"meta-nav\">&rarr;<\/span><\/a><\/p>\n","protected":false},"author":1,"featured_media":0,"comment_status":"open","ping_status":"closed","sticky":false,"template":"","format":"standard","meta":{"footnotes":""},"categories":[370],"tags":[],"class_list":["post-2023","post","type-post","status-publish","format-standard","hentry","category-os-incriveis"],"_links":{"self":[{"href":"https:\/\/www.toque-musicall.com\/index.php?rest_route=\/wp\/v2\/posts\/2023","targetHints":{"allow":["GET"]}}],"collection":[{"href":"https:\/\/www.toque-musicall.com\/index.php?rest_route=\/wp\/v2\/posts"}],"about":[{"href":"https:\/\/www.toque-musicall.com\/index.php?rest_route=\/wp\/v2\/types\/post"}],"author":[{"embeddable":true,"href":"https:\/\/www.toque-musicall.com\/index.php?rest_route=\/wp\/v2\/users\/1"}],"replies":[{"embeddable":true,"href":"https:\/\/www.toque-musicall.com\/index.php?rest_route=%2Fwp%2Fv2%2Fcomments&post=2023"}],"version-history":[{"count":0,"href":"https:\/\/www.toque-musicall.com\/index.php?rest_route=\/wp\/v2\/posts\/2023\/revisions"}],"wp:attachment":[{"href":"https:\/\/www.toque-musicall.com\/index.php?rest_route=%2Fwp%2Fv2%2Fmedia&parent=2023"}],"wp:term":[{"taxonomy":"category","embeddable":true,"href":"https:\/\/www.toque-musicall.com\/index.php?rest_route=%2Fwp%2Fv2%2Fcategories&post=2023"},{"taxonomy":"post_tag","embeddable":true,"href":"https:\/\/www.toque-musicall.com\/index.php?rest_route=%2Fwp%2Fv2%2Ftags&post=2023"}],"curies":[{"name":"wp","href":"https:\/\/api.w.org\/{rel}","templated":true}]}}