{"id":2025,"date":"2007-10-03T10:52:00","date_gmt":"2007-10-03T10:52:00","guid":{"rendered":"http:\/\/www.toque-musicall.com\/?p=2025"},"modified":"2007-10-03T10:52:00","modified_gmt":"2007-10-03T10:52:00","slug":"the-pops-vol-3-1968","status":"publish","type":"post","link":"https:\/\/www.toque-musicall.com\/?p=2025","title":{"rendered":"The Pop&#8217;s &#8211; Vol. 3 (1968)"},"content":{"rendered":"<p><a href=\"http:\/\/2.bp.blogspot.com\/_DSKVEvHtskc\/RwPKPzF5e_I\/AAAAAAAAAdM\/xMgmVoNreKk\/s1600-h\/The+Pop\"><img decoding=\"async\" id=\"BLOGGER_PHOTO_ID_5117155974384810994\" style=\"DISPLAY: block; MARGIN: 0px auto 10px; CURSOR: hand; TEXT-ALIGN: center\" alt=\"\" src=\"http:\/\/2.bp.blogspot.com\/_DSKVEvHtskc\/RwPKPzF5e_I\/AAAAAAAAAdM\/xMgmVoNreKk\/s400\/The+Pop's.JPG\" border=\"0\" \/><\/a>Achei na rede este disquinho e resolvi posta-lo devido a sequencia dos \u00e1lbuns j\u00e1 apresentados e deste no contexto da m\u00fasica jovem dos anos 60. Embora considerados um pouco &#8216;brega&#8217;, os cariocas The Pop&#8217;s foram um dos importantes grupos de rock instrumental, ao lado de The Jordans, The Jet Blacks, The Clevers, The Rebelds e outros. O grupo passou por algumas forma\u00e7\u00f5es, mas a fase boa mesmo foi quando o J. Cesar era seu guitarrista. Ele tem solos incr\u00edveis! Infelizmente neste \u00e1lbum ele j\u00e1 havia sa\u00eddo.<\/p>\n<div><\/div>\n<div><a href=\"http:\/\/1.bp.blogspot.com\/_DSKVEvHtskc\/RwPJ4jF5e-I\/AAAAAAAAAdE\/utyxjwiUjSg\/s1600-h\/the+pops+songs.JPG\"><img decoding=\"async\" id=\"BLOGGER_PHOTO_ID_5117155574952852450\" style=\"DISPLAY: block; MARGIN: 0px auto 10px; CURSOR: hand; TEXT-ALIGN: center\" alt=\"\" src=\"http:\/\/1.bp.blogspot.com\/_DSKVEvHtskc\/RwPJ4jF5e-I\/AAAAAAAAAdE\/utyxjwiUjSg\/s400\/the+pops+songs.JPG\" border=\"0\" \/><\/a><\/div>\n","protected":false},"excerpt":{"rendered":"<p>Achei na rede este disquinho e resolvi posta-lo devido a sequencia dos \u00e1lbuns j\u00e1 apresentados e deste no contexto da m\u00fasica jovem dos anos 60. Embora considerados um pouco &#8216;brega&#8217;, os cariocas The Pop&#8217;s foram um dos importantes grupos de &hellip; <a href=\"https:\/\/www.toque-musicall.com\/?p=2025\">Continue lendo <span class=\"meta-nav\">&rarr;<\/span><\/a><\/p>\n","protected":false},"author":1,"featured_media":0,"comment_status":"open","ping_status":"closed","sticky":false,"template":"","format":"standard","meta":{"footnotes":""},"categories":[275,381],"tags":[],"class_list":["post-2025","post","type-post","status-publish","format-standard","hentry","category-selo-equipe","category-the-pops"],"_links":{"self":[{"href":"https:\/\/www.toque-musicall.com\/index.php?rest_route=\/wp\/v2\/posts\/2025","targetHints":{"allow":["GET"]}}],"collection":[{"href":"https:\/\/www.toque-musicall.com\/index.php?rest_route=\/wp\/v2\/posts"}],"about":[{"href":"https:\/\/www.toque-musicall.com\/index.php?rest_route=\/wp\/v2\/types\/post"}],"author":[{"embeddable":true,"href":"https:\/\/www.toque-musicall.com\/index.php?rest_route=\/wp\/v2\/users\/1"}],"replies":[{"embeddable":true,"href":"https:\/\/www.toque-musicall.com\/index.php?rest_route=%2Fwp%2Fv2%2Fcomments&post=2025"}],"version-history":[{"count":0,"href":"https:\/\/www.toque-musicall.com\/index.php?rest_route=\/wp\/v2\/posts\/2025\/revisions"}],"wp:attachment":[{"href":"https:\/\/www.toque-musicall.com\/index.php?rest_route=%2Fwp%2Fv2%2Fmedia&parent=2025"}],"wp:term":[{"taxonomy":"category","embeddable":true,"href":"https:\/\/www.toque-musicall.com\/index.php?rest_route=%2Fwp%2Fv2%2Fcategories&post=2025"},{"taxonomy":"post_tag","embeddable":true,"href":"https:\/\/www.toque-musicall.com\/index.php?rest_route=%2Fwp%2Fv2%2Ftags&post=2025"}],"curies":[{"name":"wp","href":"https:\/\/api.w.org\/{rel}","templated":true}]}}