{"id":2027,"date":"2007-10-01T18:41:00","date_gmt":"2007-10-01T18:41:00","guid":{"rendered":"http:\/\/www.toque-musicall.com\/?p=2027"},"modified":"2007-10-01T18:41:00","modified_gmt":"2007-10-01T18:41:00","slug":"o-seis-pre-mutantes-compacto-1966","status":"publish","type":"post","link":"https:\/\/www.toque-musicall.com\/?p=2027","title":{"rendered":"O Seis (Pr\u00e9-Mutantes) &#8211; Compacto (1966)"},"content":{"rendered":"<p><a href=\"http:\/\/4.bp.blogspot.com\/_DSKVEvHtskc\/RwFAtzF5e3I\/AAAAAAAAAcM\/pnUMjNkxtv8\/s1600-h\/singleseis2.jpg\"><img decoding=\"async\" id=\"BLOGGER_PHOTO_ID_5116441807222831986\" style=\"DISPLAY: block; MARGIN: 0px auto 10px; CURSOR: hand; TEXT-ALIGN: center\" alt=\"\" src=\"http:\/\/4.bp.blogspot.com\/_DSKVEvHtskc\/RwFAtzF5e3I\/AAAAAAAAAcM\/pnUMjNkxtv8\/s400\/singleseis2.jpg\" border=\"0\" \/><\/a> Para quem tem  acompanhado as postagens do Toque Musical, devem perceber que estou prolongando a tem\u00e1tica Jovem Guarda\/rock nacional. Resolvi fazer assim, numa s\u00f3 levada, quero estar postando tudo aquilo que acho relevante na m\u00fasica jovem brasileira nas d\u00e9cadas de 50, 60 e 70.  Por certo existem milhares de t\u00edtulos bacanas e se eu ficar s\u00f3 nessa acabo dando a impres\u00e3o de que o blog s\u00f3 d\u00e1 isso. N\u00e3o, a coisa n\u00e3o \u00e9 bem assim&#8230; Darei uma pausa ao final desta semana. Entrarei com outros g\u00eaneros e mais pra frente a gente volta ao bom e velho rock&#8217;n&#8217;roll.<br \/>Seguimos agora com este compacto, numa antol\u00f3gica, primeira e \u00fanica grava\u00e7\u00e3o de um grupo, O Seis, que dois anos depois se tornaria a maior banda de rock nacional, Os Mutantes. Ligados ao artista pl\u00e1stico Ant\u00f4nio Peticov, esp\u00e9cie de empres\u00e1rio da banda, O&#8217;Seis agitou a capital paulista, incluindo apari\u00e7\u00f5es na televis\u00e3o, e no palco da Folha de S. Paulo, por mais de dois anos. O grupo era formado pelos irm\u00e3os Arnaldo e S\u00e9rgio Dias Baptista, Rita Lee, Rafael Vilardi, Luiz Pastura e Mogly O disquinho tr\u00e1s duas m\u00fasicas, &#8220;Suicida&#8221; e &#8220;Apocalipse&#8221;, que j\u00e1 prenunciavam o que viria pela frente. Al\u00e9m do disquinho dO Seis, inclui de b\u00f4nus um outro compacto surpresa. Querem saber o que \u00e9? Confiram mais este toque.<\/p>\n<div><\/div>\n<div style=\"text-align: center;\">suicida<\/div>\n<div style=\"text-align: center;\">apocalipse<\/div>\n<div style=\"text-align: center;\"><\/div>\n<div style=\"text-align: center;\"><\/div>\n","protected":false},"excerpt":{"rendered":"<p>Para quem tem acompanhado as postagens do Toque Musical, devem perceber que estou prolongando a tem\u00e1tica Jovem Guarda\/rock nacional. Resolvi fazer assim, numa s\u00f3 levada, quero estar postando tudo aquilo que acho relevante na m\u00fasica jovem brasileira nas d\u00e9cadas de &hellip; <a href=\"https:\/\/www.toque-musicall.com\/?p=2027\">Continue lendo <span class=\"meta-nav\">&rarr;<\/span><\/a><\/p>\n","protected":false},"author":1,"featured_media":0,"comment_status":"open","ping_status":"closed","sticky":false,"template":"","format":"standard","meta":{"footnotes":""},"categories":[801,1906],"tags":[],"class_list":["post-2027","post","type-post","status-publish","format-standard","hentry","category-mutantes","category-o-seis"],"_links":{"self":[{"href":"https:\/\/www.toque-musicall.com\/index.php?rest_route=\/wp\/v2\/posts\/2027","targetHints":{"allow":["GET"]}}],"collection":[{"href":"https:\/\/www.toque-musicall.com\/index.php?rest_route=\/wp\/v2\/posts"}],"about":[{"href":"https:\/\/www.toque-musicall.com\/index.php?rest_route=\/wp\/v2\/types\/post"}],"author":[{"embeddable":true,"href":"https:\/\/www.toque-musicall.com\/index.php?rest_route=\/wp\/v2\/users\/1"}],"replies":[{"embeddable":true,"href":"https:\/\/www.toque-musicall.com\/index.php?rest_route=%2Fwp%2Fv2%2Fcomments&post=2027"}],"version-history":[{"count":0,"href":"https:\/\/www.toque-musicall.com\/index.php?rest_route=\/wp\/v2\/posts\/2027\/revisions"}],"wp:attachment":[{"href":"https:\/\/www.toque-musicall.com\/index.php?rest_route=%2Fwp%2Fv2%2Fmedia&parent=2027"}],"wp:term":[{"taxonomy":"category","embeddable":true,"href":"https:\/\/www.toque-musicall.com\/index.php?rest_route=%2Fwp%2Fv2%2Fcategories&post=2027"},{"taxonomy":"post_tag","embeddable":true,"href":"https:\/\/www.toque-musicall.com\/index.php?rest_route=%2Fwp%2Fv2%2Ftags&post=2027"}],"curies":[{"name":"wp","href":"https:\/\/api.w.org\/{rel}","templated":true}]}}