{"id":2029,"date":"2007-10-01T18:31:00","date_gmt":"2007-10-01T18:31:00","guid":{"rendered":"http:\/\/www.toque-musicall.com\/?p=2029"},"modified":"2007-10-01T18:31:00","modified_gmt":"2007-10-01T18:31:00","slug":"os-abutres-os-abutres-atacam-1969","status":"publish","type":"post","link":"https:\/\/www.toque-musicall.com\/?p=2029","title":{"rendered":"Os Abutres &#8211; Os Abutres Atacam (1969)"},"content":{"rendered":"<p><a href=\"http:\/\/1.bp.blogspot.com\/_DSKVEvHtskc\/RwPJMjF5e9I\/AAAAAAAAAc8\/WCCtMKUFOus\/s1600-h\/capa.jpg\"><img decoding=\"async\" style=\"TEXT-ALIGN: center; MARGIN: 0px auto 10px; DISPLAY: block; CURSOR: hand\" id=\"BLOGGER_PHOTO_ID_5117154819038608338\" border=\"0\" alt=\"\" src=\"http:\/\/1.bp.blogspot.com\/_DSKVEvHtskc\/RwPJMjF5e9I\/AAAAAAAAAc8\/WCCtMKUFOus\/s400\/capa.jpg\" \/><\/a>Outro grupo dos anos 60 que tamb\u00e9m merece o toque \u00e9 Os Abutres. Este disco durante muito tempo era uma raridade. Muito se falava do lp, mas poucos o tinham (pelo menos) ouvido. Como disco continua sendo uma pe\u00e7a rara e cobi\u00e7ada por colecionadores. Mas desde que surgiram os blogs musicais esta e outras tantas obras raras se tornaram &#8216;figurinhas f\u00e1ceis&#8217;. Nem por isso perderam seu encanto e interesse. Continuam sempre muito bem visitadas, o que \u00e9 muito bom, afinal este \u00e9 o objetivo, resgatar e divulgar. <\/p>\n<div>Este foi o \u00fanico disco do grupo carioca que se destacou pelo estilo e repert\u00f3rio que se diferenciava dos outros da \u00e9poca. N\u00e3o duraram mais que quatro anos e al\u00e9m desde bom disco, n\u00e3o deixaram muita hist\u00f3ria. Ainda hoje, e apesar de tudo, o grupo se mantem no obscurantismo. Informa\u00e7\u00f5es sobre o grupo ainda s\u00e3o excassas.<\/div>\n<div><\/div>\n<div align=\"center\"><\/div>\n<div align=\"center\">01. O Sapato<\/div>\n<div align=\"center\">02. O Caderninho<\/div>\n<div align=\"center\">03. N\u00e3o Sou Bobo<\/div>\n<div align=\"center\">04. Sem Dinheiro<\/div>\n<div align=\"center\">05. Mr. Lobo<\/div>\n<div align=\"center\">06. Estou Naquela<\/div>\n<div align=\"center\">07. De com For\u00e7a&#8230; pr\u00e1 Frente<\/div>\n<div align=\"center\">08. Fora da Onda<\/div>\n<div align=\"center\">09. A Lua<\/div>\n<div align=\"center\">10. Nunca Nunca<\/div>\n<div align=\"center\">11. Foi Voc\u00ea<\/div>\n<div align=\"center\">12. Meu Amor me Deixou<\/div>\n<div align=\"center\"><\/div>\n","protected":false},"excerpt":{"rendered":"<p>Outro grupo dos anos 60 que tamb\u00e9m merece o toque \u00e9 Os Abutres. Este disco durante muito tempo era uma raridade. Muito se falava do lp, mas poucos o tinham (pelo menos) ouvido. Como disco continua sendo uma pe\u00e7a rara &hellip; <a href=\"https:\/\/www.toque-musicall.com\/?p=2029\">Continue lendo <span class=\"meta-nav\">&rarr;<\/span><\/a><\/p>\n","protected":false},"author":1,"featured_media":0,"comment_status":"open","ping_status":"closed","sticky":false,"template":"","format":"standard","meta":{"footnotes":""},"categories":[1168],"tags":[],"class_list":["post-2029","post","type-post","status-publish","format-standard","hentry","category-os-abutres"],"_links":{"self":[{"href":"https:\/\/www.toque-musicall.com\/index.php?rest_route=\/wp\/v2\/posts\/2029","targetHints":{"allow":["GET"]}}],"collection":[{"href":"https:\/\/www.toque-musicall.com\/index.php?rest_route=\/wp\/v2\/posts"}],"about":[{"href":"https:\/\/www.toque-musicall.com\/index.php?rest_route=\/wp\/v2\/types\/post"}],"author":[{"embeddable":true,"href":"https:\/\/www.toque-musicall.com\/index.php?rest_route=\/wp\/v2\/users\/1"}],"replies":[{"embeddable":true,"href":"https:\/\/www.toque-musicall.com\/index.php?rest_route=%2Fwp%2Fv2%2Fcomments&post=2029"}],"version-history":[{"count":0,"href":"https:\/\/www.toque-musicall.com\/index.php?rest_route=\/wp\/v2\/posts\/2029\/revisions"}],"wp:attachment":[{"href":"https:\/\/www.toque-musicall.com\/index.php?rest_route=%2Fwp%2Fv2%2Fmedia&parent=2029"}],"wp:term":[{"taxonomy":"category","embeddable":true,"href":"https:\/\/www.toque-musicall.com\/index.php?rest_route=%2Fwp%2Fv2%2Fcategories&post=2029"},{"taxonomy":"post_tag","embeddable":true,"href":"https:\/\/www.toque-musicall.com\/index.php?rest_route=%2Fwp%2Fv2%2Ftags&post=2029"}],"curies":[{"name":"wp","href":"https:\/\/api.w.org\/{rel}","templated":true}]}}