{"id":203,"date":"2011-12-24T20:33:00","date_gmt":"2011-12-24T20:33:00","guid":{"rendered":"http:\/\/www.toque-musicall.com\/?p=203"},"modified":"2011-12-24T20:33:00","modified_gmt":"2011-12-24T20:33:00","slug":"coro-infantil-do-club-dos-garotos-g9-o-natal-ja-vem","status":"publish","type":"post","link":"https:\/\/www.toque-musicall.com\/?p=203","title":{"rendered":"C\u00f4ro Infantil do Club dos Garotos G9 &#8211; O Natal J\u00e1 Vem&#8230;"},"content":{"rendered":"<p><a href=\"http:\/\/4.bp.blogspot.com\/-gc2DHfZmoQU\/TvY4C4BopDI\/AAAAAAAAAvE\/NMHXxy5l26Y\/s1600\/natal+P.JPG\"><img decoding=\"async\" style=\"display:block; margin:0px auto 10px; text-align:center;cursor:pointer; cursor:hand;width: 396px; height: 400px;\" src=\"http:\/\/4.bp.blogspot.com\/-gc2DHfZmoQU\/TvY4C4BopDI\/AAAAAAAAAvE\/NMHXxy5l26Y\/s400\/natal+P.JPG\" border=\"0\" alt=\"\" id=\"BLOGGER_PHOTO_ID_5689796801279337522\" \/><\/a>Boa noite, amigos cultos e ocultos! Guardei para hoje, noite de natal, este rar\u00edssimo \u00e1lbum natalino, em 78 rpm. Eis um disco dos mais interessantes, que s\u00f3 podia mesmo aparecer aqui no nosso Toque Musical. Este disco, o qual eu n\u00e3o consegui localizar a data de lan\u00e7amento, traz duas peculiaridades que fazem dele um disco singular e at\u00e9 mesmo hist\u00f3rico. Come\u00e7amos pela capa, que na verdade, na \u00e9poca dos 78 rpm n\u00e3o tinha outra fun\u00e7\u00e3o a n\u00e3o ser a de proteger, ou, embalar a bolacha. Aqui ela tamb\u00e9m \u00e9 feita para isso, mas foi talvez uma das primeiras a apresentar uma arte ilustrativa, com um conceito gr\u00e1fico agregado. Eu suponho que este disco seja do final dos anos 50, muito embora a ilustra\u00e7\u00e3o nos remeta aos anos 30 ou in\u00edcio dos 40. Outro diferencial neste disco \u00e9 a quantidade de faixas. Normalmente, os discos de 78 rpm mais comuns, apresentavam apenas duas m\u00fasicas, uma de um lado, outra do outro. Neste, ao contr\u00e1rio, temos oito, como passou a ser nos primeiros microsulcos de 33 rpm e dez polegadas. Pode talvez parecer imposs\u00edvel em 78 rota\u00e7\u00f5es e em um disco de 10 polegadas, conseguirem colocar mais que duas m\u00fasicas. Acontece que isso \u00e9 apenas uma quest\u00e3o de divis\u00e3o do espa\u00e7o e tempo. Ou seja, num espa\u00e7o onde cabe uma m\u00fasica de at\u00e9 4 minutos, pode-se por 4 de um minuto. Foi o que sucedeu&#8230; Pela numera\u00e7\u00e3o do selo, SE 001, fica claro que este foi o primeiro disco de uma S\u00e9rie Especial. Foi, talvez, um disco experimental e para tanto, nada melhor que uma produ\u00e7\u00e3o especial, um disco de natal.<\/p>\n<div>Temos assim, oito temas natalinos adaptados em cantigas de roda, com versos de Luiza Margarida e interpreta\u00e7\u00e3o do C\u00f4ro Infantil do Club dos Garotos G-9, sob a reg\u00eancia de Zita Martins. Esses nomes entram no texto mais por defini\u00e7\u00e3o de cr\u00e9ditos. Infelizmente eu n\u00e3o encontrei nenhuma informa\u00e7\u00e3o sobre eles ou mesmo sobre o disco. Fica o assunto em aberto para complementos e coment\u00e1rios.<\/div>\n<div>Finalizando, quero mais uma vez desejar a todos uma noite feliz de natal. Que seja hoje o nosso momento de maior reflex\u00e3o sobre o verdadeiro sentido dessa natividade. \u00c9 o momento onde podemos perceber melhor a nossa condi\u00e7\u00e3o individual de fragmento&#8230; Do fragmento divino! Somos parte Dele \ud83d\ude42 Quando nos unimos, nos encontramos e estamos juntos, podemos sentir melhor a Sua presen\u00e7a. Nesta noite de natal, procure n\u00e3o ficar sozinho, mesmo n\u00e3o tendo, fisicamente ao seu lado qualquer outro ser vivo. Quem tem consci\u00eancia dessa condi\u00e7\u00e3o, de fragmento, mesmo afastado consegue pela for\u00e7a do cora\u00e7\u00e3o se agrupar e dar forma ao &#8220;Corpo Divino&#8221;. Putz, comecei a divagar&#8230; deve ser o chocolate&#8230; bolo de chocolate (uauuuu&#8230;)<\/div>\n<div>FELIZ NATAL A TODOS!<\/div>\n<div><\/div>\n<div style=\"text-align: center;\">o natal j\u00e1 vem&#8230;<\/div>\n<div style=\"text-align: center;\">o cravo<\/div>\n<div style=\"text-align: center;\">vamos maninha<\/div>\n<div style=\"text-align: center;\">o pastorzinho<\/div>\n<div style=\"text-align: center;\">nesta rua<\/div>\n<div style=\"text-align: center;\">l\u00e1 no cimo<\/div>\n<div style=\"text-align: center;\">ciranda cirandinha<\/div>\n<div style=\"text-align: center;\">mal ningu\u00e9m me quer<\/div>\n<div style=\"text-align: center;\"><\/div>\n<div><\/div>\n","protected":false},"excerpt":{"rendered":"<p>Boa noite, amigos cultos e ocultos! Guardei para hoje, noite de natal, este rar\u00edssimo \u00e1lbum natalino, em 78 rpm. Eis um disco dos mais interessantes, que s\u00f3 podia mesmo aparecer aqui no nosso Toque Musical. Este disco, o qual eu &hellip; <a href=\"https:\/\/www.toque-musicall.com\/?p=203\">Continue lendo <span class=\"meta-nav\">&rarr;<\/span><\/a><\/p>\n","protected":false},"author":1,"featured_media":0,"comment_status":"open","ping_status":"closed","sticky":false,"template":"","format":"standard","meta":{"footnotes":""},"categories":[368,152],"tags":[],"class_list":["post-203","post","type-post","status-publish","format-standard","hentry","category-coro-infantil-do-club-dos-garotos-g9","category-selo-copacabana"],"_links":{"self":[{"href":"https:\/\/www.toque-musicall.com\/index.php?rest_route=\/wp\/v2\/posts\/203","targetHints":{"allow":["GET"]}}],"collection":[{"href":"https:\/\/www.toque-musicall.com\/index.php?rest_route=\/wp\/v2\/posts"}],"about":[{"href":"https:\/\/www.toque-musicall.com\/index.php?rest_route=\/wp\/v2\/types\/post"}],"author":[{"embeddable":true,"href":"https:\/\/www.toque-musicall.com\/index.php?rest_route=\/wp\/v2\/users\/1"}],"replies":[{"embeddable":true,"href":"https:\/\/www.toque-musicall.com\/index.php?rest_route=%2Fwp%2Fv2%2Fcomments&post=203"}],"version-history":[{"count":0,"href":"https:\/\/www.toque-musicall.com\/index.php?rest_route=\/wp\/v2\/posts\/203\/revisions"}],"wp:attachment":[{"href":"https:\/\/www.toque-musicall.com\/index.php?rest_route=%2Fwp%2Fv2%2Fmedia&parent=203"}],"wp:term":[{"taxonomy":"category","embeddable":true,"href":"https:\/\/www.toque-musicall.com\/index.php?rest_route=%2Fwp%2Fv2%2Fcategories&post=203"},{"taxonomy":"post_tag","embeddable":true,"href":"https:\/\/www.toque-musicall.com\/index.php?rest_route=%2Fwp%2Fv2%2Ftags&post=203"}],"curies":[{"name":"wp","href":"https:\/\/api.w.org\/{rel}","templated":true}]}}