{"id":2030,"date":"2007-10-01T18:26:00","date_gmt":"2007-10-01T18:26:00","guid":{"rendered":"http:\/\/www.toque-musicall.com\/?p=2030"},"modified":"2007-10-01T18:26:00","modified_gmt":"2007-10-01T18:26:00","slug":"the-sunshines-o-ultimo-trem-1967","status":"publish","type":"post","link":"https:\/\/www.toque-musicall.com\/?p=2030","title":{"rendered":"The Sunshines &#8211; O \u00daltimo Trem (1967)"},"content":{"rendered":"<div><a href=\"http:\/\/3.bp.blogspot.com\/_DSKVEvHtskc\/RwGyRjF5e6I\/AAAAAAAAAck\/-wfaiOXE3i8\/s1600-h\/The+Sunshines+(1967)+R.JPG\"><img decoding=\"async\" id=\"BLOGGER_PHOTO_ID_5116566666217094050\" style=\"DISPLAY: block; MARGIN: 0px auto 10px; CURSOR: hand; TEXT-ALIGN: center\" alt=\"\" src=\"http:\/\/3.bp.blogspot.com\/_DSKVEvHtskc\/RwGyRjF5e6I\/AAAAAAAAAck\/-wfaiOXE3i8\/s400\/The+Sunshines+(1967)+R.JPG\" border=\"0\" \/><\/a> Cumprindo a promessa, segue neste post o segundo lp do Sunshines. Aqui est\u00e1 inclu\u00edda a faixa que d\u00e1 t\u00edtulo a disco e que tamb\u00e9m abriu as portas para o grupo. &#8220;O \u00faltimo trem&#8221; chegou no final da d\u00e9cada de 90 a ser relan\u00e7ado em cd, o que levou o grupo a fazer uma retomada, mas que se limitou a alguns shows juntos com a turma da Jovem Guarda. Ainda num \u00faltimo suspiro o baterista da segunda forma\u00e7\u00e3o, o S\u00e9rgio, montou um novo Sunshine para relembrar os velhos tempos. Ta\u00ed&#8230; toque dado.<\/div>\n<p><img decoding=\"async\" id=\"BLOGGER_PHOTO_ID_5116572567502158770\" style=\"DISPLAY: block; MARGIN: 0px auto 10px; CURSOR: hand; TEXT-ALIGN: center\" alt=\"\" src=\"http:\/\/1.bp.blogspot.com\/_DSKVEvHtskc\/RwG3pDF5e7I\/AAAAAAAAAcs\/fKCsf1KInDE\/s400\/texto.JPG\" border=\"0\" \/><\/p>\n","protected":false},"excerpt":{"rendered":"<p>Cumprindo a promessa, segue neste post o segundo lp do Sunshines. Aqui est\u00e1 inclu\u00edda a faixa que d\u00e1 t\u00edtulo a disco e que tamb\u00e9m abriu as portas para o grupo. &#8220;O \u00faltimo trem&#8221; chegou no final da d\u00e9cada de 90 &hellip; <a href=\"https:\/\/www.toque-musicall.com\/?p=2030\">Continue lendo <span class=\"meta-nav\">&rarr;<\/span><\/a><\/p>\n","protected":false},"author":1,"featured_media":0,"comment_status":"open","ping_status":"closed","sticky":false,"template":"","format":"standard","meta":{"footnotes":""},"categories":[1908],"tags":[],"class_list":["post-2030","post","type-post","status-publish","format-standard","hentry","category-the-sunshines"],"_links":{"self":[{"href":"https:\/\/www.toque-musicall.com\/index.php?rest_route=\/wp\/v2\/posts\/2030","targetHints":{"allow":["GET"]}}],"collection":[{"href":"https:\/\/www.toque-musicall.com\/index.php?rest_route=\/wp\/v2\/posts"}],"about":[{"href":"https:\/\/www.toque-musicall.com\/index.php?rest_route=\/wp\/v2\/types\/post"}],"author":[{"embeddable":true,"href":"https:\/\/www.toque-musicall.com\/index.php?rest_route=\/wp\/v2\/users\/1"}],"replies":[{"embeddable":true,"href":"https:\/\/www.toque-musicall.com\/index.php?rest_route=%2Fwp%2Fv2%2Fcomments&post=2030"}],"version-history":[{"count":0,"href":"https:\/\/www.toque-musicall.com\/index.php?rest_route=\/wp\/v2\/posts\/2030\/revisions"}],"wp:attachment":[{"href":"https:\/\/www.toque-musicall.com\/index.php?rest_route=%2Fwp%2Fv2%2Fmedia&parent=2030"}],"wp:term":[{"taxonomy":"category","embeddable":true,"href":"https:\/\/www.toque-musicall.com\/index.php?rest_route=%2Fwp%2Fv2%2Fcategories&post=2030"},{"taxonomy":"post_tag","embeddable":true,"href":"https:\/\/www.toque-musicall.com\/index.php?rest_route=%2Fwp%2Fv2%2Ftags&post=2030"}],"curies":[{"name":"wp","href":"https:\/\/api.w.org\/{rel}","templated":true}]}}