{"id":2031,"date":"2007-10-01T18:17:00","date_gmt":"2007-10-01T18:17:00","guid":{"rendered":"http:\/\/www.toque-musicall.com\/?p=2031"},"modified":"2007-10-01T18:17:00","modified_gmt":"2007-10-01T18:17:00","slug":"eduardo-araujo-o-garoto-do-rock-1961","status":"publish","type":"post","link":"https:\/\/www.toque-musicall.com\/?p=2031","title":{"rendered":"Eduardo Araujo &#8211; O Garoto do Rock (1961)"},"content":{"rendered":"<p><a href=\"http:\/\/2.bp.blogspot.com\/_DSKVEvHtskc\/RwGxXTF5e5I\/AAAAAAAAAcc\/xmZeDSF3cFM\/s1600-h\/Eduardo+Araujo+-+O+Garoto+do+Rock.JPG\"><img decoding=\"async\" id=\"BLOGGER_PHOTO_ID_5116565665489714066\" style=\"DISPLAY: block; MARGIN: 0px auto 10px; CURSOR: hand; TEXT-ALIGN: center\" alt=\"\" src=\"http:\/\/2.bp.blogspot.com\/_DSKVEvHtskc\/RwGxXTF5e5I\/AAAAAAAAAcc\/xmZeDSF3cFM\/s400\/Eduardo+Araujo+-+O+Garoto+do+Rock.JPG\" border=\"0\" \/><\/a><br \/>J\u00e1 que estou apresentando alguns \u00e1lbuns sobre os prim\u00f3rdios do rock no Brasil, vamos agora com outro grande nome (embora um tanto quanto esquecido), Eduardo Ara\u00fajo. Mineiro, Eduardo Ara\u00fajo \u00e9 um dos nossos her\u00f3is do rock, infelizmente sem o devido reconhecimento de seu papel. Normalmente, \u00e9 lembrado apenas pela sua participa\u00e7\u00e3o na Jovem Guarda, mais exatamente pelos hits O Bom e Vem Quente Que Estou Fervendo. Ele come\u00e7ou sua carreira no final dos anos 50, ainda em Belo Horizonte. Em 1961 j\u00e1 estava no Rio de Janeiro, onde gravou este que foi seu primeiro disco, um bolach\u00e3o de 78rpm. Segundo contam, este \u00e9 um \u00e1lbum raro at\u00e9 mesmo para o artista, que at\u00e9 a um tempo atr\u00e1s andou procurando por este seu \u00e1lbum inicial. O toque \u00e9 este&#8230;<\/p>\n<div align=\"center\">01 &#8211; Prima Dayse<\/div>\n<div align=\"center\">02 &#8211; Brotinho<\/div>\n<div align=\"center\">03 &#8211; Twist do brotinho<\/div>\n<div align=\"center\">04 &#8211; Deixa o rock<\/div>\n<div align=\"center\">05 &#8211; Mona Lisa<\/div>\n<div align=\"center\">06 &#8211; Diana me deixou<\/div>\n<div align=\"center\">07 &#8211; Rock ch\u00e1-ch\u00e1-ch\u00e1<\/div>\n<div align=\"center\">08 &#8211; Maring\u00e1 <\/div>\n<div align=\"center\"><\/div>\n","protected":false},"excerpt":{"rendered":"<p>J\u00e1 que estou apresentando alguns \u00e1lbuns sobre os prim\u00f3rdios do rock no Brasil, vamos agora com outro grande nome (embora um tanto quanto esquecido), Eduardo Ara\u00fajo. Mineiro, Eduardo Ara\u00fajo \u00e9 um dos nossos her\u00f3is do rock, infelizmente sem o devido &hellip; <a href=\"https:\/\/www.toque-musicall.com\/?p=2031\">Continue lendo <span class=\"meta-nav\">&rarr;<\/span><\/a><\/p>\n","protected":false},"author":1,"featured_media":0,"comment_status":"open","ping_status":"closed","sticky":false,"template":"","format":"standard","meta":{"footnotes":""},"categories":[1275],"tags":[],"class_list":["post-2031","post","type-post","status-publish","format-standard","hentry","category-eduardo-araujo"],"_links":{"self":[{"href":"https:\/\/www.toque-musicall.com\/index.php?rest_route=\/wp\/v2\/posts\/2031","targetHints":{"allow":["GET"]}}],"collection":[{"href":"https:\/\/www.toque-musicall.com\/index.php?rest_route=\/wp\/v2\/posts"}],"about":[{"href":"https:\/\/www.toque-musicall.com\/index.php?rest_route=\/wp\/v2\/types\/post"}],"author":[{"embeddable":true,"href":"https:\/\/www.toque-musicall.com\/index.php?rest_route=\/wp\/v2\/users\/1"}],"replies":[{"embeddable":true,"href":"https:\/\/www.toque-musicall.com\/index.php?rest_route=%2Fwp%2Fv2%2Fcomments&post=2031"}],"version-history":[{"count":0,"href":"https:\/\/www.toque-musicall.com\/index.php?rest_route=\/wp\/v2\/posts\/2031\/revisions"}],"wp:attachment":[{"href":"https:\/\/www.toque-musicall.com\/index.php?rest_route=%2Fwp%2Fv2%2Fmedia&parent=2031"}],"wp:term":[{"taxonomy":"category","embeddable":true,"href":"https:\/\/www.toque-musicall.com\/index.php?rest_route=%2Fwp%2Fv2%2Fcategories&post=2031"},{"taxonomy":"post_tag","embeddable":true,"href":"https:\/\/www.toque-musicall.com\/index.php?rest_route=%2Fwp%2Fv2%2Ftags&post=2031"}],"curies":[{"name":"wp","href":"https:\/\/api.w.org\/{rel}","templated":true}]}}