{"id":2033,"date":"2007-10-01T02:50:00","date_gmt":"2007-10-01T02:50:00","guid":{"rendered":"http:\/\/www.toque-musicall.com\/?p=2033"},"modified":"2007-10-01T02:50:00","modified_gmt":"2007-10-01T02:50:00","slug":"os-versateis-coletanea-especial","status":"publish","type":"post","link":"https:\/\/www.toque-musicall.com\/?p=2033","title":{"rendered":"Os Vers\u00e1teis &#8211; Colet\u00e2nea Especial"},"content":{"rendered":"<p><a href=\"http:\/\/3.bp.blogspot.com\/_DSKVEvHtskc\/SLRHjXmDXRI\/AAAAAAAAB5k\/MziX3HEnqew\/s1600-h\/Os+Vers%C3%83%C2%A1teis+-+Coletanea+P.JPG\"><img decoding=\"async\" id=\"BLOGGER_PHOTO_ID_5238890939493342482\" style=\"DISPLAY: block; MARGIN: 0px auto 10px; CURSOR: hand; TEXT-ALIGN: center\" alt=\"\" src=\"http:\/\/3.bp.blogspot.com\/_DSKVEvHtskc\/SLRHjXmDXRI\/AAAAAAAAB5k\/MziX3HEnqew\/s400\/Os+Vers%C3%A1teis+-+Coletanea+P.JPG\" border=\"0\" \/><\/a>Mais um grupo de destaque no cen\u00e1rio pop\/rock musical dos anos 60 foi &#8220;Os Vers\u00e1teis&#8221;. Acho que se chamavam assim por serem realmente vers\u00e1teis musicalmente. A turma flertava com o rock da Jovem Guarda, como tamb\u00e9m com a Bossa e outros generos. Em 68 gravaram com Tom Z\u00e9 no disco &#8220;Grande Liquida\u00e7\u00e3o&#8221; como banda de apoio. O que temos aqui \u00e9 uma colet\u00e2nea com 25 m\u00fasicas retiradas de 4 \u00e1lbuns solos que v\u00e3o do per\u00edodo de 1966 a 68. Como tantos outros grupos da \u00e9poca, quase nada pode ser encontrado na rede sobre esse vers\u00e1til grupo. Mas o toque inicial est\u00e1 dado, o resto \u00e9 com voc\u00eas&#8230;.<\/p>\n<div><a href=\"http:\/\/2.bp.blogspot.com\/_DSKVEvHtskc\/RwEFHTF5e0I\/AAAAAAAAAb0\/W7N-_ZItmCs\/s1600-h\/faixas.JPG\"><img decoding=\"async\" id=\"BLOGGER_PHOTO_ID_5116376274611829570\" style=\"DISPLAY: block; MARGIN: 0px auto 10px; CURSOR: hand; TEXT-ALIGN: center\" alt=\"\" src=\"http:\/\/2.bp.blogspot.com\/_DSKVEvHtskc\/RwEFHTF5e0I\/AAAAAAAAAb0\/W7N-_ZItmCs\/s400\/faixas.JPG\" border=\"0\" \/><\/a><\/div>\n<p><\/p>\n","protected":false},"excerpt":{"rendered":"<p>Mais um grupo de destaque no cen\u00e1rio pop\/rock musical dos anos 60 foi &#8220;Os Vers\u00e1teis&#8221;. Acho que se chamavam assim por serem realmente vers\u00e1teis musicalmente. A turma flertava com o rock da Jovem Guarda, como tamb\u00e9m com a Bossa e &hellip; <a href=\"https:\/\/www.toque-musicall.com\/?p=2033\">Continue lendo <span class=\"meta-nav\">&rarr;<\/span><\/a><\/p>\n","protected":false},"author":1,"featured_media":0,"comment_status":"open","ping_status":"closed","sticky":false,"template":"","format":"standard","meta":{"footnotes":""},"categories":[1910],"tags":[],"class_list":["post-2033","post","type-post","status-publish","format-standard","hentry","category-os-versateis"],"_links":{"self":[{"href":"https:\/\/www.toque-musicall.com\/index.php?rest_route=\/wp\/v2\/posts\/2033","targetHints":{"allow":["GET"]}}],"collection":[{"href":"https:\/\/www.toque-musicall.com\/index.php?rest_route=\/wp\/v2\/posts"}],"about":[{"href":"https:\/\/www.toque-musicall.com\/index.php?rest_route=\/wp\/v2\/types\/post"}],"author":[{"embeddable":true,"href":"https:\/\/www.toque-musicall.com\/index.php?rest_route=\/wp\/v2\/users\/1"}],"replies":[{"embeddable":true,"href":"https:\/\/www.toque-musicall.com\/index.php?rest_route=%2Fwp%2Fv2%2Fcomments&post=2033"}],"version-history":[{"count":0,"href":"https:\/\/www.toque-musicall.com\/index.php?rest_route=\/wp\/v2\/posts\/2033\/revisions"}],"wp:attachment":[{"href":"https:\/\/www.toque-musicall.com\/index.php?rest_route=%2Fwp%2Fv2%2Fmedia&parent=2033"}],"wp:term":[{"taxonomy":"category","embeddable":true,"href":"https:\/\/www.toque-musicall.com\/index.php?rest_route=%2Fwp%2Fv2%2Fcategories&post=2033"},{"taxonomy":"post_tag","embeddable":true,"href":"https:\/\/www.toque-musicall.com\/index.php?rest_route=%2Fwp%2Fv2%2Ftags&post=2033"}],"curies":[{"name":"wp","href":"https:\/\/api.w.org\/{rel}","templated":true}]}}