{"id":2045,"date":"2007-09-27T11:41:00","date_gmt":"2007-09-27T11:41:00","guid":{"rendered":"http:\/\/www.toque-musicall.com\/?p=2045"},"modified":"2007-09-27T11:41:00","modified_gmt":"2007-09-27T11:41:00","slug":"avanco-5-somos-jovens-1969","status":"publish","type":"post","link":"https:\/\/www.toque-musicall.com\/?p=2045","title":{"rendered":"Avan\u00e7o 5 &#8211; Somos Jovens (1969)"},"content":{"rendered":"<p><a href=\"http:\/\/2.bp.blogspot.com\/_DSKVEvHtskc\/RvuX0zF5elI\/AAAAAAAAAaA\/pCPctT2IRsg\/s1600-h\/avanco5.jpg\"><img decoding=\"async\" id=\"BLOGGER_PHOTO_ID_5114848735133268562\" style=\"DISPLAY: block; MARGIN: 0px auto 10px; CURSOR: hand; TEXT-ALIGN: center\" alt=\"\" src=\"http:\/\/2.bp.blogspot.com\/_DSKVEvHtskc\/RvuX0zF5elI\/AAAAAAAAAaA\/pCPctT2IRsg\/s400\/avanco5.jpg\" border=\"0\" \/><\/a> Bom, j\u00e1 que toquei na Celly Campello (no bom sentido musical, claro!), vamos dar seq\u00fc\u00eancia e trazer mais algumas &#8216;coisinhas&#8217; do rock brasileiro e da Jovem Guarda. Aqui temos um dos muitos e at\u00e9 obscuros grupos formados na &#8216;onda jovem dos anos 60&#8217;, o quinteto Avan\u00e7o 5 e seu \u00fanico lp &#8220;Somos jovens&#8221;, lan\u00e7ado (aparentemente) em 69. Infelizmente n\u00e3o h\u00e1 muita informa\u00e7\u00e3o sobre eles, al\u00e9m do fato de serem tamb\u00e9m um grupo de acompanhamento para outros diversos artistas da \u00e9poca. Gravaram com Tony Campello um EP tamb\u00e9m em 69, o &#8220;Ritmos da Juventude&#8221;. Com rela\u00e7\u00e3o ao disco que apresento, n\u00e3o h\u00e1 novidades, um repert\u00f3rio t\u00edpico oscilando entre hits internacionais e a ingenuidade rom\u00e2ntica jovem daqueles anos. O \u2018albinho\u2019 at\u00e9 que \u00e9 bem bacana, vale a pena ouvir. Confiram a baixo as faixas desse toque.<\/p>\n<div align=\"center\">Stormy<br \/>Bobo N\u00e3o Sou<br \/>F&#8230;Comme Femme<br \/>Shut Up<br \/>First of may<br \/>My Little Lady<br \/>Nem Mesmo Voc\u00ea<br \/>N\u00e3o Sou de Ferro<br \/>Nem um Talvez<br \/>Preciso Esquecer Voc\u00ea<br \/>Lost Friend<br \/>Good Bye<\/div>\n<div align=\"center\"><\/div>\n<div align=\"center\"><\/div>\n<div align=\"center\"><\/div>\n","protected":false},"excerpt":{"rendered":"<p>Bom, j\u00e1 que toquei na Celly Campello (no bom sentido musical, claro!), vamos dar seq\u00fc\u00eancia e trazer mais algumas &#8216;coisinhas&#8217; do rock brasileiro e da Jovem Guarda. Aqui temos um dos muitos e at\u00e9 obscuros grupos formados na &#8216;onda jovem &hellip; <a href=\"https:\/\/www.toque-musicall.com\/?p=2045\">Continue lendo <span class=\"meta-nav\">&rarr;<\/span><\/a><\/p>\n","protected":false},"author":1,"featured_media":0,"comment_status":"open","ping_status":"closed","sticky":false,"template":"","format":"standard","meta":{"footnotes":""},"categories":[1918],"tags":[],"class_list":["post-2045","post","type-post","status-publish","format-standard","hentry","category-avanco-5"],"_links":{"self":[{"href":"https:\/\/www.toque-musicall.com\/index.php?rest_route=\/wp\/v2\/posts\/2045","targetHints":{"allow":["GET"]}}],"collection":[{"href":"https:\/\/www.toque-musicall.com\/index.php?rest_route=\/wp\/v2\/posts"}],"about":[{"href":"https:\/\/www.toque-musicall.com\/index.php?rest_route=\/wp\/v2\/types\/post"}],"author":[{"embeddable":true,"href":"https:\/\/www.toque-musicall.com\/index.php?rest_route=\/wp\/v2\/users\/1"}],"replies":[{"embeddable":true,"href":"https:\/\/www.toque-musicall.com\/index.php?rest_route=%2Fwp%2Fv2%2Fcomments&post=2045"}],"version-history":[{"count":0,"href":"https:\/\/www.toque-musicall.com\/index.php?rest_route=\/wp\/v2\/posts\/2045\/revisions"}],"wp:attachment":[{"href":"https:\/\/www.toque-musicall.com\/index.php?rest_route=%2Fwp%2Fv2%2Fmedia&parent=2045"}],"wp:term":[{"taxonomy":"category","embeddable":true,"href":"https:\/\/www.toque-musicall.com\/index.php?rest_route=%2Fwp%2Fv2%2Fcategories&post=2045"},{"taxonomy":"post_tag","embeddable":true,"href":"https:\/\/www.toque-musicall.com\/index.php?rest_route=%2Fwp%2Fv2%2Ftags&post=2045"}],"curies":[{"name":"wp","href":"https:\/\/api.w.org\/{rel}","templated":true}]}}