{"id":206,"date":"2011-12-22T00:57:00","date_gmt":"2011-12-22T00:57:00","guid":{"rendered":"http:\/\/www.toque-musicall.com\/?p=206"},"modified":"2011-12-22T00:57:00","modified_gmt":"2011-12-22T00:57:00","slug":"orquestra-ribeiro-bastos-matinais-do-natal-padre-jose-maria-xavier-1979","status":"publish","type":"post","link":"https:\/\/www.toque-musicall.com\/?p=206","title":{"rendered":"Orquestra Ribeiro Bastos &#8211; Matinais Do Natal &#8211; Padre Jos\u00e9 Maria Xavier (1979)"},"content":{"rendered":"<p><a href=\"http:\/\/3.bp.blogspot.com\/-q2bfKTBNEMo\/TvKBcmNk8yI\/AAAAAAAAAug\/rO4JhVFo-ms\/s1600\/matinais+P.JPG\"><img decoding=\"async\" style=\"display:block; margin:0px auto 10px; text-align:center;cursor:pointer; cursor:hand;width: 400px; height: 394px;\" src=\"http:\/\/3.bp.blogspot.com\/-q2bfKTBNEMo\/TvKBcmNk8yI\/AAAAAAAAAug\/rO4JhVFo-ms\/s400\/matinais+P.JPG\" border=\"0\" alt=\"\" id=\"BLOGGER_PHOTO_ID_5688751607616172834\" \/><\/a>Boa noite, amigos! Como ontem, hoje estou repetindo a mesma fa\u00e7anha, inicio a postagem do dia j\u00e1 no fim da noite. Inclusive, o disco de hoje deveria ter sido postado logo pela manh\u00e3, afinal, s\u00e3o as &#8220;Matinais do Natal do Padre Jos\u00e9 Maria Xavier. Mas n\u00e3o houve mesmo jeito, melhor guardar para a amanh\u00e3, bem cedinho voc\u00eas poder\u00e3o ouvir \ud83d\ude42<\/p>\n<div><i>As Matinais do Natal do Padre Jos\u00e9 Maria Xavier s\u00e3o executadas a cada ano, em s\u00e3o Jo\u00e3o Del Rei, Minas Gerais, pelas duas antigas corpora\u00e7\u00f5es musicais da cidade. N\u00e3o se realizando mais o of\u00edcio de Matinais, os respons\u00f3rios s\u00e3o tocados em diferentes momentos das missas, durante todo o per\u00edodo natalino.<\/i><\/div>\n<div>Quem executa as obras musicais \u00e9 a tradicional Orquestra Ribeiro Bastos, formada por m\u00fasicos amadores de S\u00e3o Jo\u00e3o Del Rei. Este foi o segundo disco gravado por eles. \u00c9 uma importante contribui\u00e7\u00e3o, como um documento musicol\u00f3gico, registrando rigorasamente a maneira como essas Matinais do Natal s\u00e3o executadas agora, dentro da linha interpretativa do passado, em S\u00e3o Jo\u00e3o Del Rei.<\/div>\n<div><\/div>\n<div style=\"text-align: center;\">invitatorio<\/div>\n<div style=\"text-align: center;\">respons\u00f3rio I<\/div>\n<div style=\"text-align: center;\">respons\u00f3rio II<\/div>\n<div style=\"text-align: center;\">respons\u00f3rio III<\/div>\n<div style=\"text-align: center;\">respons\u00f3rio IV<\/div>\n<div style=\"text-align: center;\">respons\u00f3rio V<\/div>\n<div style=\"text-align: center;\">respons\u00f3rio VI<\/div>\n<div style=\"text-align: center;\">respons\u00f3rio VII<\/div>\n<div style=\"text-align: center;\">respons\u00f3rio VIII<\/div>\n<div style=\"text-align: center;\"><\/div>\n<div style=\"text-align: center;\"><\/div>\n","protected":false},"excerpt":{"rendered":"<p>Boa noite, amigos! Como ontem, hoje estou repetindo a mesma fa\u00e7anha, inicio a postagem do dia j\u00e1 no fim da noite. Inclusive, o disco de hoje deveria ter sido postado logo pela manh\u00e3, afinal, s\u00e3o as &#8220;Matinais do Natal do &hellip; <a href=\"https:\/\/www.toque-musicall.com\/?p=206\">Continue lendo <span class=\"meta-nav\">&rarr;<\/span><\/a><\/p>\n","protected":false},"author":1,"featured_media":0,"comment_status":"open","ping_status":"closed","sticky":false,"template":"","format":"standard","meta":{"footnotes":""},"categories":[377,376,25],"tags":[],"class_list":["post-206","post","type-post","status-publish","format-standard","hentry","category-orquestra-ribeiro-bastos","category-padre-maria-xavier","category-selo-independente"],"_links":{"self":[{"href":"https:\/\/www.toque-musicall.com\/index.php?rest_route=\/wp\/v2\/posts\/206","targetHints":{"allow":["GET"]}}],"collection":[{"href":"https:\/\/www.toque-musicall.com\/index.php?rest_route=\/wp\/v2\/posts"}],"about":[{"href":"https:\/\/www.toque-musicall.com\/index.php?rest_route=\/wp\/v2\/types\/post"}],"author":[{"embeddable":true,"href":"https:\/\/www.toque-musicall.com\/index.php?rest_route=\/wp\/v2\/users\/1"}],"replies":[{"embeddable":true,"href":"https:\/\/www.toque-musicall.com\/index.php?rest_route=%2Fwp%2Fv2%2Fcomments&post=206"}],"version-history":[{"count":0,"href":"https:\/\/www.toque-musicall.com\/index.php?rest_route=\/wp\/v2\/posts\/206\/revisions"}],"wp:attachment":[{"href":"https:\/\/www.toque-musicall.com\/index.php?rest_route=%2Fwp%2Fv2%2Fmedia&parent=206"}],"wp:term":[{"taxonomy":"category","embeddable":true,"href":"https:\/\/www.toque-musicall.com\/index.php?rest_route=%2Fwp%2Fv2%2Fcategories&post=206"},{"taxonomy":"post_tag","embeddable":true,"href":"https:\/\/www.toque-musicall.com\/index.php?rest_route=%2Fwp%2Fv2%2Ftags&post=206"}],"curies":[{"name":"wp","href":"https:\/\/api.w.org\/{rel}","templated":true}]}}