{"id":207,"date":"2011-12-21T01:22:00","date_gmt":"2011-12-21T01:22:00","guid":{"rendered":"http:\/\/www.toque-musicall.com\/?p=207"},"modified":"2011-12-21T01:22:00","modified_gmt":"2011-12-21T01:22:00","slug":"francis-chapelet-natal-em-mariana-1986","status":"publish","type":"post","link":"https:\/\/www.toque-musicall.com\/?p=207","title":{"rendered":"Francis Chapelet &#8211; Natal Em Mariana (1986)"},"content":{"rendered":"<p><a href=\"http:\/\/2.bp.blogspot.com\/-1MfnkDHTMQI\/TvE3Z-Q7WCI\/AAAAAAAAAuU\/-jrc2P8szX4\/s1600\/natal+F.JPG\"><img decoding=\"async\" style=\"display:block; margin:0px auto 10px; text-align:center;cursor:pointer; cursor:hand;width: 400px; height: 398px;\" src=\"http:\/\/2.bp.blogspot.com\/-1MfnkDHTMQI\/TvE3Z-Q7WCI\/AAAAAAAAAuU\/-jrc2P8szX4\/s400\/natal+F.JPG\" border=\"0\" alt=\"\" id=\"BLOGGER_PHOTO_ID_5688388723695900706\" \/><\/a>Boa noite, amigos cultos e ocutos! Tenho apenas dez minutos para salvar o dia. Hoje, tudo foi muito corrido, s\u00f3 agora estou tendo aquela brecha. E antes que ela se feche, aqui vai o disco de hoje. No clima de natal, para ningu\u00e9m reclamar \ud83d\ude42<\/p>\n<div>O nosso \u00e1lbum traz um registro do som do rar\u00edssimo org\u00e3o Arp Schnitger, da Catedral da S\u00e9 Mariana, cidade hist\u00f3ria mineira, bem pr\u00f3xima de Belo Horizonte. O lp nos apresenta um momento especial, quando este antigo org\u00e3o volta \u00e0 cena, restaurado e pronto para cumprir sua miss\u00e3o, levar m\u00fasica \u00e0quela cidade e ao mundo (que for l\u00e1 ver, claro). Pois bem, temos aqui o Concerto de Natal de Mariana. O Org\u00e3o Arp Schnitger \u00e9 tocado por um mestre organista, o franc\u00eas Francis Chapelet. Em 1984 o org\u00e3o foi totalmente recuperado, voltando a ser uma das grandes atra\u00e7\u00f5es de Mariana. O org\u00e3o esteve ativo na igreja desde a sua aquisi\u00e7\u00e3o, em 1752, sendo tocado ininteruptamente at\u00e9 1937. S\u00f3 voltou a ser ouvido em 1984 e em 86 fizeram esta grava\u00e7\u00e3o, bem pr\u00f3xima do Natal. Os temas aqui apresentados s\u00e3o obras musicais do s\u00e9culo XV a XVII. Este \u00e1lbum foi uma produ\u00e7\u00e3o independente, produzido pela Funda\u00e7\u00e3o Cultural da Arquidiocese de Mariana.<\/div>\n<div>Eu acredito que no \u00e1lbum havia um encarte dando informa\u00e7\u00f5es mais completas, infelizmente, este eu n\u00e3o tenho. N\u00e3o bem por conta disso, mas pela minha total ignor\u00e2ncia musical, no que diz respeito \u00e0 m\u00fasica cl\u00e1ssica e erudita. Vergonhosamente, eu assumo que n\u00e3o soube separar as faixas deste disco. Assim, vai por inteiro, lado A e lado B.<\/div>\n<div><\/div>\n<div style=\"text-align: center;\">louis claude d&#8217;aquin (1694-1772) &#8211; noel em sol<\/div>\n<div style=\"text-align: center;\">an\u00f4nimo s\u00e9c. XVI &#8211; villancico &#8220;jesu cristo, hombre y dios&#8221;<\/div>\n<div style=\"text-align: center;\">an\u00f4nimo s\u00e9c. XVI &#8211; villancico &#8220;de la virgen que pari\u00f3&#8221;<\/div>\n<div style=\"text-align: center;\">johann sebastian bach &#8211; &#8220;do alto do c\u00e9u venho eu&#8221;<\/div>\n<div style=\"text-align: center;\">johann sebastian bach &#8211; &#8220;este dia t\u00e3o cheio de alegria&#8221;<\/div>\n<div style=\"text-align: center;\">samuel scheidt (1587-1654) &#8211; &#8220;ah, tu,belo cavaleiro<\/div>\n<div style=\"text-align: center;\">an\u00f4nimos europeus dos s\u00e9culos XV a XVII<\/div>\n<div style=\"text-align: center;\">jan pieterszoon sweelinck &#8211; varia\u00e7\u00f5es sobre a can\u00e7\u00e3o &#8220;minha jovem vida ter\u00e1 um fim&#8221;<\/div>\n<div style=\"text-align: center;\">jan pieterszoon sweelinck &#8211; varia\u00e7\u00f5es sobre a can\u00e7\u00e3o &#8220;sob as verdes t\u00edlias<\/div>\n<div><\/div>\n<div><\/div>\n<div><\/div>\n<div><\/div>\n","protected":false},"excerpt":{"rendered":"<p>Boa noite, amigos cultos e ocutos! Tenho apenas dez minutos para salvar o dia. Hoje, tudo foi muito corrido, s\u00f3 agora estou tendo aquela brecha. E antes que ela se feche, aqui vai o disco de hoje. No clima de &hellip; <a href=\"https:\/\/www.toque-musicall.com\/?p=207\">Continue lendo <span class=\"meta-nav\">&rarr;<\/span><\/a><\/p>\n","protected":false},"author":1,"featured_media":0,"comment_status":"open","ping_status":"closed","sticky":false,"template":"","format":"standard","meta":{"footnotes":""},"categories":[379,378],"tags":[],"class_list":["post-207","post","type-post","status-publish","format-standard","hentry","category-francis-chapelet","category-natal-em-mariana"],"_links":{"self":[{"href":"https:\/\/www.toque-musicall.com\/index.php?rest_route=\/wp\/v2\/posts\/207","targetHints":{"allow":["GET"]}}],"collection":[{"href":"https:\/\/www.toque-musicall.com\/index.php?rest_route=\/wp\/v2\/posts"}],"about":[{"href":"https:\/\/www.toque-musicall.com\/index.php?rest_route=\/wp\/v2\/types\/post"}],"author":[{"embeddable":true,"href":"https:\/\/www.toque-musicall.com\/index.php?rest_route=\/wp\/v2\/users\/1"}],"replies":[{"embeddable":true,"href":"https:\/\/www.toque-musicall.com\/index.php?rest_route=%2Fwp%2Fv2%2Fcomments&post=207"}],"version-history":[{"count":0,"href":"https:\/\/www.toque-musicall.com\/index.php?rest_route=\/wp\/v2\/posts\/207\/revisions"}],"wp:attachment":[{"href":"https:\/\/www.toque-musicall.com\/index.php?rest_route=%2Fwp%2Fv2%2Fmedia&parent=207"}],"wp:term":[{"taxonomy":"category","embeddable":true,"href":"https:\/\/www.toque-musicall.com\/index.php?rest_route=%2Fwp%2Fv2%2Fcategories&post=207"},{"taxonomy":"post_tag","embeddable":true,"href":"https:\/\/www.toque-musicall.com\/index.php?rest_route=%2Fwp%2Fv2%2Ftags&post=207"}],"curies":[{"name":"wp","href":"https:\/\/api.w.org\/{rel}","templated":true}]}}