{"id":209,"date":"2011-12-18T13:11:00","date_gmt":"2011-12-18T13:11:00","guid":{"rendered":"http:\/\/www.toque-musicall.com\/?p=209"},"modified":"2011-12-18T13:11:00","modified_gmt":"2011-12-18T13:11:00","slug":"the-pops-feliz-natal-1969","status":"publish","type":"post","link":"https:\/\/www.toque-musicall.com\/?p=209","title":{"rendered":"The Pop&#8217;s &#8211; Feliz Natal (1969)"},"content":{"rendered":"<p><a href=\"http:\/\/1.bp.blogspot.com\/-fcXRAtg8paM\/Tu3mqsb_AGI\/AAAAAAAAAt8\/to3vvXRi4Zo\/s1600\/The+Pop%2527s+P.JPG\"><img decoding=\"async\" style=\"display:block; margin:0px auto 10px; text-align:center;cursor:pointer; cursor:hand;width: 400px; height: 399px;\" src=\"http:\/\/1.bp.blogspot.com\/-fcXRAtg8paM\/Tu3mqsb_AGI\/AAAAAAAAAt8\/to3vvXRi4Zo\/s400\/The+Pop%2527s+P.JPG\" border=\"0\" alt=\"\" id=\"BLOGGER_PHOTO_ID_5687455525596233826\" \/><\/a>Muito bom dia, amigos cultos e ocultos! Entramos de vez no esp\u00edrito natalino. E como n\u00e3o poderia deixar de ser, um momento para se ouvir aquilo que um dia tocou no nosso Natal. Cada ano \u00e9 um pouco diferente, as vezes triste, as vezes melanc\u00f3lico, mas sempre, em seu brilho e cores, faz nascer uma alegria e uma esperan\u00e7a, que acaba transformando o Natal em uma grande confraterniza\u00e7\u00e3o. Eu n\u00e3o sei explicar o sentimento que h\u00e1 em mim, quando vejo essas bolas de vidro coloridas de Natal. Hoje elas j\u00e1 nem s\u00e3o mais de vidro como as de antigamente. Elas eram lindas, encantadoras em seus reflexos, cores e tamanhos variados. Ah, que saudade daquele tempo em que a gente sentava na sala para ir montando aquela \u00e1rvore, o pinheirinho cheio de bolinhas coloridas, luzes, algod\u00e3o e isopor para ficar parecendo neve&#8230; Putz, que tempo bom! Me lembro que sempre deix\u00e1vamos quebrar (sem querer, claro) algumas daquelas bolinhas e depois aproveit\u00e1vamos os cacos para fazer cerol para passar nas linhas dos nossos papagaios (pipa). Ah, como era bom aqueles tempos! Ver essas bolas de Natal sempre me remetem \u00e0 essas lembran\u00e7as.<\/p>\n<div>Este disco do The Pop&#8217;s \u00e9 a personifica\u00e7\u00e3o do meu saudosismo natalino. Como outros, este \u00e1lbum tamb\u00e9m fez parte de muitos dos meus &#8216;natais&#8217;. Tinhamos esse disco em casa, depois, nunca mais vi. Fui reencontr\u00e1-lo certa vez no Loronix. Hoje, organizando minha &#8216;discoteca virtual&#8217;, coincidentemente achei o arquivo. Como ando sem condi\u00e7\u00f5es para comprar de imediato um novo amplificador e tenho que lan\u00e7ar m\u00e3o do que tenho j\u00e1 digitalizado, vou um pouco mais al\u00e9m, pego emprestado este The Pop&#8217;s, do Zecaloro, para come\u00e7ar o nosso Natal. J\u00e1 pedi ao Papai Noel um novo amplificador, mas ele at\u00e9 agora n\u00e3o se manifestou. Quem sabe, atrav\u00e9s dos amigos cultos e ocultos, alguns entre voc\u00eas tenham um melhor relacionamento com o bom velhinho do que eu. Como o grande dia ainda est\u00e1 por vir, vou esperar ansioso, como quando eu era crian\u00e7a, rezando para o Papai Noel trazer atender ao meu pedido. Quem sabe ele ainda tenha aten\u00e7\u00e3o para essa crian\u00e7a aqui de 50 anos? Vou emocionar&#8230; \ud83d\ude42<\/div>\n<div><\/div>\n<div style=\"text-align: center;\">noite feliz<\/div>\n<div style=\"text-align: center;\">o tannenbaum<\/div>\n<div style=\"text-align: center;\">valsa da despedida<\/div>\n<div style=\"text-align: center;\">sleigh ride<\/div>\n<div style=\"text-align: center;\">o bom velhinho<\/div>\n<div style=\"text-align: center;\">e nasceu jesus<\/div>\n<div style=\"text-align: center;\">jingle bells<\/div>\n<div style=\"text-align: center;\">natal das crian\u00e7as<\/div>\n<div style=\"text-align: center;\">boas festas<\/div>\n<div style=\"text-align: center;\">aleluia<\/div>\n<div style=\"text-align: center;\">adeste fidelis<\/div>\n<div style=\"text-align: center;\">white christmas<\/div>\n<div><\/div>\n<div><\/div>\n","protected":false},"excerpt":{"rendered":"<p>Muito bom dia, amigos cultos e ocultos! Entramos de vez no esp\u00edrito natalino. E como n\u00e3o poderia deixar de ser, um momento para se ouvir aquilo que um dia tocou no nosso Natal. Cada ano \u00e9 um pouco diferente, as &hellip; <a href=\"https:\/\/www.toque-musicall.com\/?p=209\">Continue lendo <span class=\"meta-nav\">&rarr;<\/span><\/a><\/p>\n","protected":false},"author":1,"featured_media":0,"comment_status":"open","ping_status":"closed","sticky":false,"template":"","format":"standard","meta":{"footnotes":""},"categories":[275,381],"tags":[],"class_list":["post-209","post","type-post","status-publish","format-standard","hentry","category-selo-equipe","category-the-pops"],"_links":{"self":[{"href":"https:\/\/www.toque-musicall.com\/index.php?rest_route=\/wp\/v2\/posts\/209","targetHints":{"allow":["GET"]}}],"collection":[{"href":"https:\/\/www.toque-musicall.com\/index.php?rest_route=\/wp\/v2\/posts"}],"about":[{"href":"https:\/\/www.toque-musicall.com\/index.php?rest_route=\/wp\/v2\/types\/post"}],"author":[{"embeddable":true,"href":"https:\/\/www.toque-musicall.com\/index.php?rest_route=\/wp\/v2\/users\/1"}],"replies":[{"embeddable":true,"href":"https:\/\/www.toque-musicall.com\/index.php?rest_route=%2Fwp%2Fv2%2Fcomments&post=209"}],"version-history":[{"count":0,"href":"https:\/\/www.toque-musicall.com\/index.php?rest_route=\/wp\/v2\/posts\/209\/revisions"}],"wp:attachment":[{"href":"https:\/\/www.toque-musicall.com\/index.php?rest_route=%2Fwp%2Fv2%2Fmedia&parent=209"}],"wp:term":[{"taxonomy":"category","embeddable":true,"href":"https:\/\/www.toque-musicall.com\/index.php?rest_route=%2Fwp%2Fv2%2Fcategories&post=209"},{"taxonomy":"post_tag","embeddable":true,"href":"https:\/\/www.toque-musicall.com\/index.php?rest_route=%2Fwp%2Fv2%2Ftags&post=209"}],"curies":[{"name":"wp","href":"https:\/\/api.w.org\/{rel}","templated":true}]}}