{"id":2102,"date":"2007-09-11T01:34:00","date_gmt":"2007-09-11T01:34:00","guid":{"rendered":"http:\/\/www.toque-musicall.com\/?p=2102"},"modified":"2007-09-11T01:34:00","modified_gmt":"2007-09-11T01:34:00","slug":"vera-brasil-tema-do-boneco-de-palha-1964","status":"publish","type":"post","link":"https:\/\/www.toque-musicall.com\/?p=2102","title":{"rendered":"Vera Brasil &#8211; Tema Do Boneco De Palha (1964)"},"content":{"rendered":"<p><a href=\"http:\/\/4.bp.blogspot.com\/_DSKVEvHtskc\/Ruig0f4s1QI\/AAAAAAAAAR4\/JVDOG-LkAGM\/s1600-h\/verabrasil_temadobon_101b.jpg\"><img loading=\"lazy\" decoding=\"async\" id=\"BLOGGER_PHOTO_ID_5109510601024787714\" style=\"DISPLAY: block; MARGIN: 0px auto 10px; WIDTH: 393px; CURSOR: hand; HEIGHT: 367px; TEXT-ALIGN: center\" height=\"355\" alt=\"\" src=\"http:\/\/4.bp.blogspot.com\/_DSKVEvHtskc\/Ruig0f4s1QI\/AAAAAAAAAR4\/JVDOG-LkAGM\/s400\/verabrasil_temadobon_101b.jpg\" width=\"386\" border=\"0\" \/><\/a>Mais um raro toque. Desta vez com a compositora Vera Brasil. Digo compositora porque ela \u00e9 mais conhecida por suas m\u00fasicas que j\u00e1 foram gravadas por diversos artistas. Como interprete, ela aparece a partir de seu \u00fanico disco, mas de forma espor\u00e1dica. Seu m\u00e9rito maior \u00e9, sem d\u00favida, este lp que temos agora o prazer de ouvir. Vamos l\u00e1?<\/p>\n<div style=\"text-align: center;\">01 &#8211; Tema Do Boneco De Palha<\/div>\n<div style=\"text-align: center;\">02 &#8211; Samba Bom<\/div>\n<div style=\"text-align: center;\">03 &#8211; Era Uma Vez<\/div>\n<div style=\"text-align: center;\">04 &#8211; Rimas De Ninguem<\/div>\n<div style=\"text-align: center;\">05 &#8211; Pra Voce\u201a Que Nao Vem<\/div>\n<div style=\"text-align: center;\">06 &#8211; O Menino Desce O Morro<\/div>\n<div style=\"text-align: center;\">07 &#8211; Quase Ilusao<\/div>\n<div style=\"text-align: center;\">08 &#8211; O Azul Do Ceu<\/div>\n<div style=\"text-align: center;\">09 &#8211; Nao E Por Falar<\/div>\n<div style=\"text-align: center;\">10 &#8211; Depois Da Chuva<\/div>\n<div style=\"text-align: center;\">11 &#8211; Tema Para Recordac\u00e3o<\/div>\n<div style=\"text-align: center;\"><\/div>\n<div style=\"text-align: center;\"><\/div>\n","protected":false},"excerpt":{"rendered":"<p>Mais um raro toque. Desta vez com a compositora Vera Brasil. Digo compositora porque ela \u00e9 mais conhecida por suas m\u00fasicas que j\u00e1 foram gravadas por diversos artistas. Como interprete, ela aparece a partir de seu \u00fanico disco, mas de &hellip; <a href=\"https:\/\/www.toque-musicall.com\/?p=2102\">Continue lendo <span class=\"meta-nav\">&rarr;<\/span><\/a><\/p>\n","protected":false},"author":1,"featured_media":0,"comment_status":"open","ping_status":"closed","sticky":false,"template":"","format":"standard","meta":{"footnotes":""},"categories":[1949],"tags":[],"class_list":["post-2102","post","type-post","status-publish","format-standard","hentry","category-vera-brasil"],"_links":{"self":[{"href":"https:\/\/www.toque-musicall.com\/index.php?rest_route=\/wp\/v2\/posts\/2102","targetHints":{"allow":["GET"]}}],"collection":[{"href":"https:\/\/www.toque-musicall.com\/index.php?rest_route=\/wp\/v2\/posts"}],"about":[{"href":"https:\/\/www.toque-musicall.com\/index.php?rest_route=\/wp\/v2\/types\/post"}],"author":[{"embeddable":true,"href":"https:\/\/www.toque-musicall.com\/index.php?rest_route=\/wp\/v2\/users\/1"}],"replies":[{"embeddable":true,"href":"https:\/\/www.toque-musicall.com\/index.php?rest_route=%2Fwp%2Fv2%2Fcomments&post=2102"}],"version-history":[{"count":0,"href":"https:\/\/www.toque-musicall.com\/index.php?rest_route=\/wp\/v2\/posts\/2102\/revisions"}],"wp:attachment":[{"href":"https:\/\/www.toque-musicall.com\/index.php?rest_route=%2Fwp%2Fv2%2Fmedia&parent=2102"}],"wp:term":[{"taxonomy":"category","embeddable":true,"href":"https:\/\/www.toque-musicall.com\/index.php?rest_route=%2Fwp%2Fv2%2Fcategories&post=2102"},{"taxonomy":"post_tag","embeddable":true,"href":"https:\/\/www.toque-musicall.com\/index.php?rest_route=%2Fwp%2Fv2%2Ftags&post=2102"}],"curies":[{"name":"wp","href":"https:\/\/api.w.org\/{rel}","templated":true}]}}