{"id":2105,"date":"2007-09-09T13:09:00","date_gmt":"2007-09-09T13:09:00","guid":{"rendered":"http:\/\/www.toque-musicall.com\/?p=2105"},"modified":"2007-09-09T13:09:00","modified_gmt":"2007-09-09T13:09:00","slug":"cyro-aguiar-1975","status":"publish","type":"post","link":"https:\/\/www.toque-musicall.com\/?p=2105","title":{"rendered":"Cyro Aguiar (1975)"},"content":{"rendered":"<p><a href=\"http:\/\/3.bp.blogspot.com\/_DSKVEvHtskc\/RuPyt7LCNeI\/AAAAAAAAAQg\/XZ5PUfQb47M\/s1600-h\/cyro+aguiar+-+1975+-+Fp.JPG\"><img decoding=\"async\" id=\"BLOGGER_PHOTO_ID_5108193273160283618\" style=\"DISPLAY: block; MARGIN: 0px auto 10px; CURSOR: hand; TEXT-ALIGN: center\" alt=\"\" src=\"http:\/\/3.bp.blogspot.com\/_DSKVEvHtskc\/RuPyt7LCNeI\/AAAAAAAAAQg\/XZ5PUfQb47M\/s400\/cyro+aguiar+-+1975+-+Fp.JPG\" border=\"0\" \/><\/a>Cantor, compositor e instrumentista, Cyro Aguiar anda mais sumido que nota de 50 (no meu bolso). Esse disquinho dele eu me lembro sendo anunciado na tv. Antigamente a Som Livre divulgava seus artistas e lan\u00e7amentos atrav\u00e9s de propaganda na tv (Globo). A \u00faltima not\u00edcia que tive desse artista \u00e9 que ele se tornou radialista, apresentador da R\u00e1dio Tropical FM de SP. Continua na ativa, lan\u00e7ando discos, mas num circuito bem limitado. Aqui p&#8217;ros meus lados o pessoal j\u00e1 at\u00e9 esqueceu do cara. Por essas e por outras \u00e9 que estou trazendo este \u00e1lbum dele que, por sinal, \u00e9 muito bom. Este toque vale a pena&#8230;<\/p>\n<div>\n<div style=\"text-align: center;\">01 &#8211; Cr\u00edtica<\/div>\n<div style=\"text-align: center;\">02 &#8211; S\u00f3 N\u00e3o Viu Quem N\u00e3o Ficou<\/div>\n<div style=\"text-align: center;\">03 &#8211; Fonte Da Bica<\/div>\n<div style=\"text-align: center;\">04 &#8211; Dolores Duran<\/div>\n<div style=\"text-align: center;\">05 &#8211; Foi Deus<\/div>\n<div style=\"text-align: center;\">06 &#8211; Made In Brazil<\/div>\n<div style=\"text-align: center;\">07 &#8211; Dias De Hoje<\/div>\n<div style=\"text-align: center;\">08 &#8211; Neurose<\/div>\n<div style=\"text-align: center;\">09 &#8211; Pensamento<\/div>\n<div style=\"text-align: center;\">10 &#8211; N\u00e3o Pise No Meu Calo<\/div>\n<div style=\"text-align: center;\">11 &#8211; Mistifica\u00e7\u00e3o<\/div>\n<div style=\"text-align: center;\"><\/div>\n<div style=\"text-align: center;\"><\/div>\n<\/div>\n","protected":false},"excerpt":{"rendered":"<p>Cantor, compositor e instrumentista, Cyro Aguiar anda mais sumido que nota de 50 (no meu bolso). Esse disquinho dele eu me lembro sendo anunciado na tv. Antigamente a Som Livre divulgava seus artistas e lan\u00e7amentos atrav\u00e9s de propaganda na tv &hellip; <a href=\"https:\/\/www.toque-musicall.com\/?p=2105\">Continue lendo <span class=\"meta-nav\">&rarr;<\/span><\/a><\/p>\n","protected":false},"author":1,"featured_media":0,"comment_status":"open","ping_status":"closed","sticky":false,"template":"","format":"standard","meta":{"footnotes":""},"categories":[1753],"tags":[],"class_list":["post-2105","post","type-post","status-publish","format-standard","hentry","category-cyro-aguiar"],"_links":{"self":[{"href":"https:\/\/www.toque-musicall.com\/index.php?rest_route=\/wp\/v2\/posts\/2105","targetHints":{"allow":["GET"]}}],"collection":[{"href":"https:\/\/www.toque-musicall.com\/index.php?rest_route=\/wp\/v2\/posts"}],"about":[{"href":"https:\/\/www.toque-musicall.com\/index.php?rest_route=\/wp\/v2\/types\/post"}],"author":[{"embeddable":true,"href":"https:\/\/www.toque-musicall.com\/index.php?rest_route=\/wp\/v2\/users\/1"}],"replies":[{"embeddable":true,"href":"https:\/\/www.toque-musicall.com\/index.php?rest_route=%2Fwp%2Fv2%2Fcomments&post=2105"}],"version-history":[{"count":0,"href":"https:\/\/www.toque-musicall.com\/index.php?rest_route=\/wp\/v2\/posts\/2105\/revisions"}],"wp:attachment":[{"href":"https:\/\/www.toque-musicall.com\/index.php?rest_route=%2Fwp%2Fv2%2Fmedia&parent=2105"}],"wp:term":[{"taxonomy":"category","embeddable":true,"href":"https:\/\/www.toque-musicall.com\/index.php?rest_route=%2Fwp%2Fv2%2Fcategories&post=2105"},{"taxonomy":"post_tag","embeddable":true,"href":"https:\/\/www.toque-musicall.com\/index.php?rest_route=%2Fwp%2Fv2%2Ftags&post=2105"}],"curies":[{"name":"wp","href":"https:\/\/api.w.org\/{rel}","templated":true}]}}