{"id":2109,"date":"2007-09-09T09:12:00","date_gmt":"2007-09-09T09:12:00","guid":{"rendered":"http:\/\/www.toque-musicall.com\/?p=2109"},"modified":"2007-09-09T09:12:00","modified_gmt":"2007-09-09T09:12:00","slug":"edson-alves-preamar-1988","status":"publish","type":"post","link":"https:\/\/www.toque-musicall.com\/?p=2109","title":{"rendered":"Edson Alves &#8211; Preamar (1988)"},"content":{"rendered":"<p><a href=\"http:\/\/3.bp.blogspot.com\/_DSKVEvHtskc\/RuO8w7LCNaI\/AAAAAAAAAQA\/7PsM4UekjWw\/s1600-h\/capa.jpg\"><img decoding=\"async\" id=\"BLOGGER_PHOTO_ID_5108133951071991202\" style=\"DISPLAY: block; MARGIN: 0px auto 10px; CURSOR: hand; TEXT-ALIGN: center\" alt=\"\" src=\"http:\/\/3.bp.blogspot.com\/_DSKVEvHtskc\/RuO8w7LCNaI\/AAAAAAAAAQA\/7PsM4UekjWw\/s400\/capa.jpg\" border=\"0\" \/><\/a> Edson Alves \u00e9 um m\u00fasico talentoso. Baixista da Banda Mantiqueira e guitarrista da Orquestra Jazz Sinf\u00f4nica. Ele \u00e9 compositor, arranjador e instrumentista.  Toca viol\u00e3o, viola, guitarra, contrabaixo, flautas, entre outros. Neste disco instrumental de 1988 a gente pode comprovar isso, atrav\u00e9s das 10 bel\u00edssimas faixas. As composi\u00e7\u00f5es s\u00e3o todas de sua autoria, exceto &#8220;Ch\u00e3o De Estrelas&#8221; (Orestes Barbosa &#8211; S\u00edlvio Caldas) que aqui ganha uma nova roupagem num duo de viol\u00e3o e flauta. Um disco verdadeiramente bonito. Confira mais este toque.<\/p>\n<div style=\"text-align: center;\">01 Bem Voc\u00ea   (Edson Jos\u00e9 Alves)<\/div>\n<div style=\"text-align: center;\">02 Samba Pro Gudin (Edson Jos\u00e9 Alves)<\/div>\n<div style=\"text-align: center;\">03 Preamar   (Edson Jos\u00e9 Alves)<\/div>\n<div style=\"text-align: center;\">04 Tor\u00f3  (Edson Jos\u00e9 Alves)<\/div>\n<div style=\"text-align: center;\">05 Icara\u00ed  (Edson Jos\u00e9 Alves)<\/div>\n<div style=\"text-align: center;\">06 Bosque Dos Jequitib\u00e1s  (La\u00e9rcio de Freitas)<\/div>\n<div style=\"text-align: center;\">07 Valsa I Pra Jucy  (Edson Jos\u00e9 Alves)<\/div>\n<div style=\"text-align: center;\">08 Zun\u00eaga (Edson Jos\u00e9 Alves &#8211; Vera Coutinho)<\/div>\n<div style=\"text-align: center;\">09 Ch\u00e3o De Estrelas (Orestes Barbosa &#8211; S\u00edlvio Caldas)<\/div>\n<div style=\"text-align: center;\">10 Sai Da Minha Parede, Jacar\u00e9 (Edon Jos\u00e9 Alves &#8211; Messias Santo J\u00fanior)<\/div>\n<div style=\"text-align: center;\"><\/div>\n<div style=\"text-align: center;\"><\/div>\n","protected":false},"excerpt":{"rendered":"<p>Edson Alves \u00e9 um m\u00fasico talentoso. Baixista da Banda Mantiqueira e guitarrista da Orquestra Jazz Sinf\u00f4nica. Ele \u00e9 compositor, arranjador e instrumentista. Toca viol\u00e3o, viola, guitarra, contrabaixo, flautas, entre outros. Neste disco instrumental de 1988 a gente pode comprovar isso, &hellip; <a href=\"https:\/\/www.toque-musicall.com\/?p=2109\">Continue lendo <span class=\"meta-nav\">&rarr;<\/span><\/a><\/p>\n","protected":false},"author":1,"featured_media":0,"comment_status":"open","ping_status":"closed","sticky":false,"template":"","format":"standard","meta":{"footnotes":""},"categories":[1954],"tags":[],"class_list":["post-2109","post","type-post","status-publish","format-standard","hentry","category-edson-alves"],"_links":{"self":[{"href":"https:\/\/www.toque-musicall.com\/index.php?rest_route=\/wp\/v2\/posts\/2109","targetHints":{"allow":["GET"]}}],"collection":[{"href":"https:\/\/www.toque-musicall.com\/index.php?rest_route=\/wp\/v2\/posts"}],"about":[{"href":"https:\/\/www.toque-musicall.com\/index.php?rest_route=\/wp\/v2\/types\/post"}],"author":[{"embeddable":true,"href":"https:\/\/www.toque-musicall.com\/index.php?rest_route=\/wp\/v2\/users\/1"}],"replies":[{"embeddable":true,"href":"https:\/\/www.toque-musicall.com\/index.php?rest_route=%2Fwp%2Fv2%2Fcomments&post=2109"}],"version-history":[{"count":0,"href":"https:\/\/www.toque-musicall.com\/index.php?rest_route=\/wp\/v2\/posts\/2109\/revisions"}],"wp:attachment":[{"href":"https:\/\/www.toque-musicall.com\/index.php?rest_route=%2Fwp%2Fv2%2Fmedia&parent=2109"}],"wp:term":[{"taxonomy":"category","embeddable":true,"href":"https:\/\/www.toque-musicall.com\/index.php?rest_route=%2Fwp%2Fv2%2Fcategories&post=2109"},{"taxonomy":"post_tag","embeddable":true,"href":"https:\/\/www.toque-musicall.com\/index.php?rest_route=%2Fwp%2Fv2%2Ftags&post=2109"}],"curies":[{"name":"wp","href":"https:\/\/api.w.org\/{rel}","templated":true}]}}