{"id":211,"date":"2011-12-16T09:17:00","date_gmt":"2011-12-16T09:17:00","guid":{"rendered":"http:\/\/www.toque-musicall.com\/?p=211"},"modified":"2011-12-16T09:17:00","modified_gmt":"2011-12-16T09:17:00","slug":"eletro-fluminas-2001","status":"publish","type":"post","link":"https:\/\/www.toque-musicall.com\/?p=211","title":{"rendered":"Eletro Fluminas (2001)"},"content":{"rendered":"<p><a href=\"http:\/\/2.bp.blogspot.com\/-4MPx8nCkUns\/TusNb_mJGpI\/AAAAAAAAAtY\/9TtpSIJN3hs\/s1600\/eletrofluminas+P.JPG\"><img decoding=\"async\" style=\"display:block; margin:0px auto 10px; text-align:center;cursor:pointer; cursor:hand;width: 400px; height: 398px;\" src=\"http:\/\/2.bp.blogspot.com\/-4MPx8nCkUns\/TusNb_mJGpI\/AAAAAAAAAtY\/9TtpSIJN3hs\/s400\/eletrofluminas+P.JPG\" border=\"0\" alt=\"\" id=\"BLOGGER_PHOTO_ID_5686653729064426130\" \/><\/a>Bom dia, amigos cultos e ocultos! Os coment\u00e1rios andam escassos, ser\u00e1 por falta de tempo ou de ter o que falar? Suponho que seja pelos dois e mais motivos&#8230; Talvez os t\u00edtulos n\u00e3o venham correspondendo ao p\u00fablico certo, ultimamente eu tenho me dedicado mais aos velhos \u00e1lbuns e seus artistas e entre esses, muitos j\u00e1 foram tamb\u00e9m postados em outros blogs. Bom, infelizmente eu n\u00e3o tenho tempo e nem paci\u00eancia para sair pesquisando para saber se o disco que eu quero apresentar foi ou n\u00e3o j\u00e1 postado em outro lugar. O \u00e1lbum de hoje, por certo, poder\u00e1 ser encontrado em outros blogs, mas para que o Toque Musical continue mantendo a sua m\u00e1xima de &#8216;ouvir com outros olhos&#8217;, \u00e9 preciso sacudir o ba\u00fa, misturar bem esses discos e ter a sorte de escolher algo diferente do que foi o dia anterior. Geralmente, nas sextas, dia de disco\/artista independente, sempre tem algo diferente. \u00c9 o caso do Eletro Fluminas. Um projeto musical concebido entre os anos de 1998 e 2000 pelos m\u00fasicos M\u00e1rcio Lomiranda, Paulo Rafael e Taryn Kern Szpilman. Durante esses dois anos o trio esteve reunido, criando um trabalho que mescla a experi\u00eancia musical e individual de a cada um dos seus integrantes, al\u00e9m de suas influ\u00eancias. Trata-se de um disco com diferentes abordagens, passando pelo rock, pop, world&#8230; com pitadas doces salgadas e apimentadas, sempre apoiado no som eletr\u00f4nico. Sem d\u00favida, na uni\u00e3o desse trio encontraremos uma m\u00fasica composta, uma soma de elementos diferenciados que resulta em algo inclassific\u00e1vel, mas de extremo bom gosto. Para aqueles que ainda n\u00e3o se situaram na parada, M\u00e1rcio Lomiranda \u00e9 um m\u00fasico, compositor, arranjador e produtor mineiro, que h\u00e1 anos vive no Rio de Janeiro. Fundou a <a href=\"http:\/\/www.musimagem.com\/\">Musimagem Brasil<\/a>, uma associa\u00e7\u00e3o de compositores de m\u00fasica para audiovisual. J\u00e1 trabalhou com grande nomes da m\u00fasica nacional e internacional. <a href=\"http:\/\/www.paulorafael.art.br\/\">Paulo Rafael<\/a> j\u00e1 se tornou uma lenda, um dos maiores guitaristas brasileiros. Foi integrande do grupo pernambucano Ave Sangria, depois passou a tocar na banda do Alceu Valen\u00e7a (acho que toca at\u00e9 hoje). Me parece que atualmente ele mora no Rio e continua mandando bala \ud83d\ude42 Finalmente, temos a <a href=\"http:\/\/www.taryn.com.br\/\">Taryn Szpilman<\/a>, uma cantora carioca super vers\u00e1til, que eu acho \u00f3tima. Grande revela\u00e7\u00e3o musical nesta d\u00e9cada, pena que para se encaixar nesse mundo &#8216;midi\u00e1tico&#8217; ela acabe absorvendo trejeitos a la Amy Winehouse (o que n\u00e3o \u00e9 ruim, pero&#8230;) Mas, longe de qualquer compara\u00e7\u00e3o, Taryn \u00e9 uma excelente cantora e acima de tudo, uma gata (muito mais que a Amy). Ainda vamos ouvir muito falar dessa mo\u00e7a, podem acreditar. <\/p>\n<div><\/div>\n<div style=\"text-align: center;\">balo\u00f4<\/div>\n<div style=\"text-align: center;\">stay together<\/div>\n<div style=\"text-align: center;\">espuma dos dias<\/div>\n<div style=\"text-align: center;\">bewere of darkness<\/div>\n<div style=\"text-align: center;\">ela e eu<\/div>\n<div style=\"text-align: center;\">black dog &#8211; sol e chuva<\/div>\n<div style=\"text-align: center;\">loopiano nan\u00e1 e jurim<\/div>\n<div style=\"text-align: center;\">a gente t\u00e1 viajando por alguns dias<\/div>\n<div style=\"text-align: center;\">love love lovemapa de viagem<\/div>\n<div style=\"text-align: center;\">cavalo do c\u00e3o<\/div>\n<div style=\"text-align: center;\">nightie night<\/div>\n<div style=\"text-align: center;\">zappa from heaven<\/div>\n<div style=\"text-align: center;\">what the world needs now is love<\/div>\n<div style=\"text-align: center;\"><\/div>\n<div style=\"text-align: center;\"><\/div>\n","protected":false},"excerpt":{"rendered":"<p>Bom dia, amigos cultos e ocultos! Os coment\u00e1rios andam escassos, ser\u00e1 por falta de tempo ou de ter o que falar? Suponho que seja pelos dois e mais motivos&#8230; Talvez os t\u00edtulos n\u00e3o venham correspondendo ao p\u00fablico certo, ultimamente eu &hellip; <a href=\"https:\/\/www.toque-musicall.com\/?p=211\">Continue lendo <span class=\"meta-nav\">&rarr;<\/span><\/a><\/p>\n","protected":false},"author":1,"featured_media":0,"comment_status":"open","ping_status":"closed","sticky":false,"template":"","format":"standard","meta":{"footnotes":""},"categories":[385,386,25,384],"tags":[],"class_list":["post-211","post","type-post","status-publish","format-standard","hentry","category-marcio-lomiranda","category-paulo-rafael","category-selo-independente","category-taryn-kern-szpilman"],"_links":{"self":[{"href":"https:\/\/www.toque-musicall.com\/index.php?rest_route=\/wp\/v2\/posts\/211","targetHints":{"allow":["GET"]}}],"collection":[{"href":"https:\/\/www.toque-musicall.com\/index.php?rest_route=\/wp\/v2\/posts"}],"about":[{"href":"https:\/\/www.toque-musicall.com\/index.php?rest_route=\/wp\/v2\/types\/post"}],"author":[{"embeddable":true,"href":"https:\/\/www.toque-musicall.com\/index.php?rest_route=\/wp\/v2\/users\/1"}],"replies":[{"embeddable":true,"href":"https:\/\/www.toque-musicall.com\/index.php?rest_route=%2Fwp%2Fv2%2Fcomments&post=211"}],"version-history":[{"count":0,"href":"https:\/\/www.toque-musicall.com\/index.php?rest_route=\/wp\/v2\/posts\/211\/revisions"}],"wp:attachment":[{"href":"https:\/\/www.toque-musicall.com\/index.php?rest_route=%2Fwp%2Fv2%2Fmedia&parent=211"}],"wp:term":[{"taxonomy":"category","embeddable":true,"href":"https:\/\/www.toque-musicall.com\/index.php?rest_route=%2Fwp%2Fv2%2Fcategories&post=211"},{"taxonomy":"post_tag","embeddable":true,"href":"https:\/\/www.toque-musicall.com\/index.php?rest_route=%2Fwp%2Fv2%2Ftags&post=211"}],"curies":[{"name":"wp","href":"https:\/\/api.w.org\/{rel}","templated":true}]}}