{"id":2112,"date":"2007-09-08T13:24:00","date_gmt":"2007-09-08T13:24:00","guid":{"rendered":"http:\/\/www.toque-musicall.com\/?p=2112"},"modified":"2007-09-08T13:24:00","modified_gmt":"2007-09-08T13:24:00","slug":"jayme-marques-en-directo-1979","status":"publish","type":"post","link":"https:\/\/www.toque-musicall.com\/?p=2112","title":{"rendered":"Jayme Marques &#8211; En Directo (1979)"},"content":{"rendered":"<p><a href=\"http:\/\/3.bp.blogspot.com\/_DSKVEvHtskc\/RuKo6LLCNVI\/AAAAAAAAAPY\/5qtO0hbkfao\/s1600-h\/jayme+marques+-+en+directo+(rca+of+spain+1979).jpg\"><img decoding=\"async\" id=\"BLOGGER_PHOTO_ID_5107830644776514898\" style=\"DISPLAY: block; MARGIN: 0px auto 10px; CURSOR: hand; TEXT-ALIGN: center\" alt=\"\" src=\"http:\/\/3.bp.blogspot.com\/_DSKVEvHtskc\/RuKo6LLCNVI\/AAAAAAAAAPY\/5qtO0hbkfao\/s400\/jayme+marques+-+en+directo+(rca+of+spain+1979).jpg\" border=\"0\" \/><\/a>Aqui vai mais um disco desse brasileiro, que a mais de 40 anos vem apresentando nossa m\u00fasica na Europa. Como j\u00e1 havia dito em uma postagem anterior, Jayme mora na Espanha, sendo por l\u00e1 mais conhecido que no seu pa\u00eds de origem. Neste disco, gravado ao vivo em 79, ele desfila uma s\u00e9rie de cl\u00e1ssicos da mpb. Um \u00e1lbum bem gravado e gostoso de ouvir. N\u00e3o vai perder esse toque, vai?<\/p>\n<div>\n<div style=\"text-align: center;\">01-Canto De Ossanha<\/div>\n<div style=\"text-align: center;\">02-Consola\u00e7\u00e3o<\/div>\n<div style=\"text-align: center;\">03-Retrato Em Branco E Preto<\/div>\n<div style=\"text-align: center;\">04-Abre Alas<\/div>\n<div style=\"text-align: center;\">05-Otalia Da Bahia<\/div>\n<div style=\"text-align: center;\">06-Manha De Carnaval, Samba De Orfeu e Cidade Maravilhosa<\/div>\n<div style=\"text-align: center;\">07-O Que Ser\u00e1<\/div>\n<div style=\"text-align: center;\">08-Asa Branca, Canoeiro, Mulher Renderia e Paran\u00e1<\/div>\n<div style=\"text-align: center;\">09-Quintessencia<\/div>\n<div style=\"text-align: center;\">10-O Sapo<\/div>\n<div style=\"text-align: center;\">11-Blue &#8211; Blues, Nem Vem Que N\u00e3o Tem, Pa\u00eds Tropical e Charlie Brown<\/div>\n<div style=\"text-align: center;\"><\/div>\n<div style=\"text-align: center;\"><\/div>\n<\/div>\n","protected":false},"excerpt":{"rendered":"<p>Aqui vai mais um disco desse brasileiro, que a mais de 40 anos vem apresentando nossa m\u00fasica na Europa. Como j\u00e1 havia dito em uma postagem anterior, Jayme mora na Espanha, sendo por l\u00e1 mais conhecido que no seu pa\u00eds &hellip; <a href=\"https:\/\/www.toque-musicall.com\/?p=2112\">Continue lendo <span class=\"meta-nav\">&rarr;<\/span><\/a><\/p>\n","protected":false},"author":1,"featured_media":0,"comment_status":"open","ping_status":"closed","sticky":false,"template":"","format":"standard","meta":{"footnotes":""},"categories":[1955],"tags":[],"class_list":["post-2112","post","type-post","status-publish","format-standard","hentry","category-jayme-marques"],"_links":{"self":[{"href":"https:\/\/www.toque-musicall.com\/index.php?rest_route=\/wp\/v2\/posts\/2112","targetHints":{"allow":["GET"]}}],"collection":[{"href":"https:\/\/www.toque-musicall.com\/index.php?rest_route=\/wp\/v2\/posts"}],"about":[{"href":"https:\/\/www.toque-musicall.com\/index.php?rest_route=\/wp\/v2\/types\/post"}],"author":[{"embeddable":true,"href":"https:\/\/www.toque-musicall.com\/index.php?rest_route=\/wp\/v2\/users\/1"}],"replies":[{"embeddable":true,"href":"https:\/\/www.toque-musicall.com\/index.php?rest_route=%2Fwp%2Fv2%2Fcomments&post=2112"}],"version-history":[{"count":0,"href":"https:\/\/www.toque-musicall.com\/index.php?rest_route=\/wp\/v2\/posts\/2112\/revisions"}],"wp:attachment":[{"href":"https:\/\/www.toque-musicall.com\/index.php?rest_route=%2Fwp%2Fv2%2Fmedia&parent=2112"}],"wp:term":[{"taxonomy":"category","embeddable":true,"href":"https:\/\/www.toque-musicall.com\/index.php?rest_route=%2Fwp%2Fv2%2Fcategories&post=2112"},{"taxonomy":"post_tag","embeddable":true,"href":"https:\/\/www.toque-musicall.com\/index.php?rest_route=%2Fwp%2Fv2%2Ftags&post=2112"}],"curies":[{"name":"wp","href":"https:\/\/api.w.org\/{rel}","templated":true}]}}