{"id":2113,"date":"2007-09-08T01:52:00","date_gmt":"2007-09-08T01:52:00","guid":{"rendered":"http:\/\/www.toque-musicall.com\/?p=2113"},"modified":"2007-09-08T01:52:00","modified_gmt":"2007-09-08T01:52:00","slug":"carlos-dafe-pra-que-vou-recordar-1977","status":"publish","type":"post","link":"https:\/\/www.toque-musicall.com\/?p=2113","title":{"rendered":"Carlos Daf\u00e9 &#8211; Pra Que Vou Recordar (1977)"},"content":{"rendered":"<p><a href=\"http:\/\/4.bp.blogspot.com\/_DSKVEvHtskc\/RuIA6bLCNUI\/AAAAAAAAAPQ\/sfC6B-jqL78\/s1600-h\/Carlos+Dafe+front.JPG\"><img decoding=\"async\" id=\"BLOGGER_PHOTO_ID_5107645931118015810\" style=\"DISPLAY: block; MARGIN: 0px auto 10px; CURSOR: hand; TEXT-ALIGN: center\" alt=\"\" src=\"http:\/\/4.bp.blogspot.com\/_DSKVEvHtskc\/RuIA6bLCNUI\/AAAAAAAAAPQ\/sfC6B-jqL78\/s400\/Carlos+Dafe+front.JPG\" border=\"0\" \/><\/a>Carlos Daf\u00e9 j\u00e1 foi apresentado aqui em agosto. Agora eu volto trazendo outro disco dele. Na verdade, este era para ter sido o primeiro. Minha intens\u00e3o era postar o \u00e1lbum que tem duas m\u00fasicas finas, &#8220;Pra Que Vou Recordar o Que Chorei&#8221; e &#8220;Tudo Era Lindo&#8221;. Apesar da confus\u00e3o, acho que foi melhor assim. No final todo mundo sa\u00ed ganhado. Por falar em ganhar, vai de b\u00f4nus mais uma faixa, &#8220;Folhas Mortas&#8221;, numa interpreta\u00e7\u00e3o marcante de Daf\u00e9.<br \/>A ordem das m\u00fasicas n\u00e3o correspondem a indicada na contra-capa, mas t\u00e1 tudo a\u00ed&#8230; ok?<\/p>\n<div><\/div>\n<div><\/div>\n","protected":false},"excerpt":{"rendered":"<p>Carlos Daf\u00e9 j\u00e1 foi apresentado aqui em agosto. Agora eu volto trazendo outro disco dele. Na verdade, este era para ter sido o primeiro. Minha intens\u00e3o era postar o \u00e1lbum que tem duas m\u00fasicas finas, &#8220;Pra Que Vou Recordar o &hellip; <a href=\"https:\/\/www.toque-musicall.com\/?p=2113\">Continue lendo <span class=\"meta-nav\">&rarr;<\/span><\/a><\/p>\n","protected":false},"author":1,"featured_media":0,"comment_status":"open","ping_status":"closed","sticky":false,"template":"","format":"standard","meta":{"footnotes":""},"categories":[1956],"tags":[],"class_list":["post-2113","post","type-post","status-publish","format-standard","hentry","category-carlos-dafe"],"_links":{"self":[{"href":"https:\/\/www.toque-musicall.com\/index.php?rest_route=\/wp\/v2\/posts\/2113","targetHints":{"allow":["GET"]}}],"collection":[{"href":"https:\/\/www.toque-musicall.com\/index.php?rest_route=\/wp\/v2\/posts"}],"about":[{"href":"https:\/\/www.toque-musicall.com\/index.php?rest_route=\/wp\/v2\/types\/post"}],"author":[{"embeddable":true,"href":"https:\/\/www.toque-musicall.com\/index.php?rest_route=\/wp\/v2\/users\/1"}],"replies":[{"embeddable":true,"href":"https:\/\/www.toque-musicall.com\/index.php?rest_route=%2Fwp%2Fv2%2Fcomments&post=2113"}],"version-history":[{"count":0,"href":"https:\/\/www.toque-musicall.com\/index.php?rest_route=\/wp\/v2\/posts\/2113\/revisions"}],"wp:attachment":[{"href":"https:\/\/www.toque-musicall.com\/index.php?rest_route=%2Fwp%2Fv2%2Fmedia&parent=2113"}],"wp:term":[{"taxonomy":"category","embeddable":true,"href":"https:\/\/www.toque-musicall.com\/index.php?rest_route=%2Fwp%2Fv2%2Fcategories&post=2113"},{"taxonomy":"post_tag","embeddable":true,"href":"https:\/\/www.toque-musicall.com\/index.php?rest_route=%2Fwp%2Fv2%2Ftags&post=2113"}],"curies":[{"name":"wp","href":"https:\/\/api.w.org\/{rel}","templated":true}]}}