{"id":2123,"date":"2007-09-03T00:05:00","date_gmt":"2007-09-03T00:05:00","guid":{"rendered":"http:\/\/www.toque-musicall.com\/?p=2123"},"modified":"2007-09-03T00:05:00","modified_gmt":"2007-09-03T00:05:00","slug":"os-originais-do-samba-o-samba-e-a-corda-os-originais-a-cacamba-1972","status":"publish","type":"post","link":"https:\/\/www.toque-musicall.com\/?p=2123","title":{"rendered":"Os Originais do Samba &#8211; O Samba \u00c9 A Corda Os Originais A Ca\u00e7amba (1972)"},"content":{"rendered":"<p><a href=\"http:\/\/2.bp.blogspot.com\/_DSKVEvHtskc\/RtzLjbLCNKI\/AAAAAAAAAOA\/MswALJUnMvE\/s1600-h\/os+originais+do+sambap.JPG\"><img decoding=\"async\" id=\"BLOGGER_PHOTO_ID_5106179886981199010\" style=\"DISPLAY: block; MARGIN: 0px auto 10px; CURSOR: hand; TEXT-ALIGN: center\" alt=\"\" src=\"http:\/\/2.bp.blogspot.com\/_DSKVEvHtskc\/RtzLjbLCNKI\/AAAAAAAAAOA\/MswALJUnMvE\/s400\/os+originais+do+sambap.JPG\" border=\"0\" \/><\/a>A uns dois anos atr\u00e1s, um amigo quiz comprar este disco na minha m\u00e3o. Ele era fascinado por esse grupo e insistiu muito para que eu o vendesse. Embora fosse um vinil bem conservado e raro, n\u00e3o era exatamente o tipo de samba que me agrada. Da\u00ed, acabei vendendo para ele. Por\u00e9m, em virtude de uma viagem, esse meu amigo acabou n\u00e3o concretizando o neg\u00f3cio comigo. Passaram-se dois anos e agora ele volta querendo o disco. Que azar, acho que acabei vendendo para outro. N\u00e3o o encontrei de forma nenhuma. Apesar da frustra\u00e7\u00e3o, prometi ao meu amigo que lhe daria, pelo menos, o \u00e1lbum em mp3. Gastei um dia inteiro baixando-o pelo e-mule, para depois descobrir que (por minha desaten\u00e7\u00e3o), deixei de faz\u00ea-lo em 30 minutos no <a href=\"http:\/\/loronix.blogspot.com\/2006\/12\/os-originais-do-samba-o-samba-e-corda.html\">Loronix<\/a> ou no <a href=\"http:\/\/jthymekind.blogspot.com\/\">J Thyme&#8230; kind<\/a>. O que a gente n\u00e3o faz pelos amigos. Depois de tudo que passei, agora fa\u00e7o quest\u00e3o de post\u00e1-lo aqui tamb\u00e9m.<br \/>Para os que n\u00e3o conhecem, este grupo surgiu nos anos 60. Levavam um sambinha na linha pagode (como conhecemos hoje), uma esp\u00e9cie de samba-pop (ser\u00e1 que isso existe?). Um dos integrantes do grupo era o Mussum, aquele que tamb\u00e9m fazia parte dos Trapalh\u00f5es, junto com Renato Arag\u00e3o. Neste disco, a m\u00fasica que se destaca \u00e9 &#8220;Do Lado Direito da Rua Direita&#8221;, sambinha muito popular ainda hoje.<\/p>\n<div><\/div>\n<div style=\"text-align: center;\">01 &#8211; Do Lado Direito da Rua Direita (Luis Carlos \/ Chiquinho)<\/div>\n<div style=\"text-align: center;\">02 &#8211; Catimba Criolo (Wando)<\/div>\n<div style=\"text-align: center;\">03 &#8211; Ciranda Cirandeia (Recife Em Dia de Festa) (Zapata \/ Carvalho)<\/div>\n<div style=\"text-align: center;\">04 &#8211; Esperan\u00e7as Perdidas (Ade\u00edlton Alves \/ Delcio Carvalho)<\/div>\n<div style=\"text-align: center;\">05 &#8211; Cravos e Rosas (Luis Carlos \/ Lel\u00e9)<\/div>\n<div style=\"text-align: center;\">06 &#8211; As Tr\u00eas Capitais (Murilo Penha &#8220;Bidi&#8221;)<\/div>\n<div style=\"text-align: center;\">07 &#8211; A Volta do Ponteiro (Beto Scala \/ S\u00e3o Beto)<\/div>\n<div style=\"text-align: center;\">08 &#8211; Eu Vou Pagar Pra Ver (Luis Wanderley \/ Ant\u00f4nio Aguiar)<\/div>\n<div style=\"text-align: center;\">09 &#8211; Tchuna Macurucaiao (Jos\u00e9 Roberto \/ Bulau \/ Lel\u00e9)<\/div>\n<div style=\"text-align: center;\">10 &#8211; Boi Bumb\u00e1 (Zito de Souza \/ Toninho \/ Jorge Veiga)<\/div>\n<div style=\"text-align: center;\">11 &#8211; Tereza (Jorge Ben &#8220;Jorge Benjor&#8221;)<\/div>\n<div style=\"text-align: center;\">12 &#8211; E L\u00e1 Se V\u00e3o Meus An\u00e9is (Eduardo Gudin \/ Paulo C\u00e9sar Pinheiro)<\/div>\n<div>\n<div style=\"text-align: center;\">13 &#8211; L\u00e1 Vem Salgueiro (Jorge Ben &#8220;Jorge Benjor&#8221;)<\/div>\n<div style=\"text-align: center;\"><\/div>\n<div style=\"text-align: center;\"><\/div>\n<\/div>\n<div><\/div>\n","protected":false},"excerpt":{"rendered":"<p>A uns dois anos atr\u00e1s, um amigo quiz comprar este disco na minha m\u00e3o. Ele era fascinado por esse grupo e insistiu muito para que eu o vendesse. Embora fosse um vinil bem conservado e raro, n\u00e3o era exatamente o &hellip; <a href=\"https:\/\/www.toque-musicall.com\/?p=2123\">Continue lendo <span class=\"meta-nav\">&rarr;<\/span><\/a><\/p>\n","protected":false},"author":1,"featured_media":0,"comment_status":"open","ping_status":"closed","sticky":false,"template":"","format":"standard","meta":{"footnotes":""},"categories":[1254],"tags":[],"class_list":["post-2123","post","type-post","status-publish","format-standard","hentry","category-os-originais-do-samba"],"_links":{"self":[{"href":"https:\/\/www.toque-musicall.com\/index.php?rest_route=\/wp\/v2\/posts\/2123","targetHints":{"allow":["GET"]}}],"collection":[{"href":"https:\/\/www.toque-musicall.com\/index.php?rest_route=\/wp\/v2\/posts"}],"about":[{"href":"https:\/\/www.toque-musicall.com\/index.php?rest_route=\/wp\/v2\/types\/post"}],"author":[{"embeddable":true,"href":"https:\/\/www.toque-musicall.com\/index.php?rest_route=\/wp\/v2\/users\/1"}],"replies":[{"embeddable":true,"href":"https:\/\/www.toque-musicall.com\/index.php?rest_route=%2Fwp%2Fv2%2Fcomments&post=2123"}],"version-history":[{"count":0,"href":"https:\/\/www.toque-musicall.com\/index.php?rest_route=\/wp\/v2\/posts\/2123\/revisions"}],"wp:attachment":[{"href":"https:\/\/www.toque-musicall.com\/index.php?rest_route=%2Fwp%2Fv2%2Fmedia&parent=2123"}],"wp:term":[{"taxonomy":"category","embeddable":true,"href":"https:\/\/www.toque-musicall.com\/index.php?rest_route=%2Fwp%2Fv2%2Fcategories&post=2123"},{"taxonomy":"post_tag","embeddable":true,"href":"https:\/\/www.toque-musicall.com\/index.php?rest_route=%2Fwp%2Fv2%2Ftags&post=2123"}],"curies":[{"name":"wp","href":"https:\/\/api.w.org\/{rel}","templated":true}]}}