{"id":2124,"date":"2007-09-03T00:01:00","date_gmt":"2007-09-03T00:01:00","guid":{"rendered":"http:\/\/www.toque-musicall.com\/?p=2124"},"modified":"2007-09-03T00:01:00","modified_gmt":"2007-09-03T00:01:00","slug":"rodrigo-valle-leao-de-fogo-1982","status":"publish","type":"post","link":"https:\/\/www.toque-musicall.com\/?p=2124","title":{"rendered":"Rodrigo Valle &#8211; Le\u00e3o de Fogo (1982)"},"content":{"rendered":"<div align=\"left\"><a href=\"http:\/\/3.bp.blogspot.com\/_DSKVEvHtskc\/SLiyCR07YFI\/AAAAAAAAB6M\/ED3djPGrgeY\/s1600-h\/rodrigo+valle+F2.JPG\"><img decoding=\"async\" id=\"BLOGGER_PHOTO_ID_5240133918660452434\" style=\"DISPLAY: block; MARGIN: 0px auto 10px; CURSOR: hand; TEXT-ALIGN: center\" alt=\"\" src=\"http:\/\/3.bp.blogspot.com\/_DSKVEvHtskc\/SLiyCR07YFI\/AAAAAAAAB6M\/ED3djPGrgeY\/s400\/rodrigo+valle+F2.JPG\" border=\"0\" \/><\/a>Foi dando uma geral em minha discoteca que acabei achando este disco, ainda lacrado, que eu pensava j\u00e1 ter vendido. Depois me lembrei que, na verdade, eu tinha dois. Isso foi bom porque se trata de um lp muito interessante, tanto pela capa quanto pelas m\u00fasicas. Hoje temos ele aqui.<\/p>\n<div align=\"left\">Fiquei muito surpreso, pois As informa\u00e7\u00f5es que tenho sobre este artista e o disco s\u00e3o apenas as que est\u00e3o no encarte; disco independente, artista mineiro, lan\u00e7ado nos anos 8o. Embora n\u00e3o conste a data, &#8220;Le\u00e3o de fogo&#8221; \u00e9 um disco de 1982. Rodrigo Valle toca com nomes importantes da m\u00fasica mineira, como Gi\u00e1como Lombardi, Ivan Correia, La\u00e9rcio Vilar, entre outros&#8230; Vale conferir este toque musical. <\/div>\n<p><\/p>\n<div align=\"center\">c\u00f3smico sabbath<br \/>p\u00e1ssaro de cristal<br \/>e passe muito bem<br \/>prel\u00fadio I<br \/>le\u00e3o de fogo<br \/>sol<\/div>\n<div align=\"center\">fantasia<br \/>reflex\u00e3o<\/div>\n<p><\/p>\n<div align=\"center\"><\/div>\n<div align=\"center\"><\/div>\n<\/div>\n","protected":false},"excerpt":{"rendered":"<p>Foi dando uma geral em minha discoteca que acabei achando este disco, ainda lacrado, que eu pensava j\u00e1 ter vendido. Depois me lembrei que, na verdade, eu tinha dois. Isso foi bom porque se trata de um lp muito interessante, &hellip; <a href=\"https:\/\/www.toque-musicall.com\/?p=2124\">Continue lendo <span class=\"meta-nav\">&rarr;<\/span><\/a><\/p>\n","protected":false},"author":1,"featured_media":0,"comment_status":"open","ping_status":"closed","sticky":false,"template":"","format":"standard","meta":{"footnotes":""},"categories":[954],"tags":[],"class_list":["post-2124","post","type-post","status-publish","format-standard","hentry","category-rodrigo-valle"],"_links":{"self":[{"href":"https:\/\/www.toque-musicall.com\/index.php?rest_route=\/wp\/v2\/posts\/2124","targetHints":{"allow":["GET"]}}],"collection":[{"href":"https:\/\/www.toque-musicall.com\/index.php?rest_route=\/wp\/v2\/posts"}],"about":[{"href":"https:\/\/www.toque-musicall.com\/index.php?rest_route=\/wp\/v2\/types\/post"}],"author":[{"embeddable":true,"href":"https:\/\/www.toque-musicall.com\/index.php?rest_route=\/wp\/v2\/users\/1"}],"replies":[{"embeddable":true,"href":"https:\/\/www.toque-musicall.com\/index.php?rest_route=%2Fwp%2Fv2%2Fcomments&post=2124"}],"version-history":[{"count":0,"href":"https:\/\/www.toque-musicall.com\/index.php?rest_route=\/wp\/v2\/posts\/2124\/revisions"}],"wp:attachment":[{"href":"https:\/\/www.toque-musicall.com\/index.php?rest_route=%2Fwp%2Fv2%2Fmedia&parent=2124"}],"wp:term":[{"taxonomy":"category","embeddable":true,"href":"https:\/\/www.toque-musicall.com\/index.php?rest_route=%2Fwp%2Fv2%2Fcategories&post=2124"},{"taxonomy":"post_tag","embeddable":true,"href":"https:\/\/www.toque-musicall.com\/index.php?rest_route=%2Fwp%2Fv2%2Ftags&post=2124"}],"curies":[{"name":"wp","href":"https:\/\/api.w.org\/{rel}","templated":true}]}}