{"id":2125,"date":"2007-09-02T23:39:00","date_gmt":"2007-09-02T23:39:00","guid":{"rendered":"http:\/\/www.toque-musicall.com\/?p=2125"},"modified":"2007-09-02T23:39:00","modified_gmt":"2007-09-02T23:39:00","slug":"edu-lobo-e-tom-jobim-edu-tom-tom-edu-1981","status":"publish","type":"post","link":"https:\/\/www.toque-musicall.com\/?p=2125","title":{"rendered":"Edu Lobo e Tom Jobim &#8211; Edu &#038; Tom, Tom &#038; Edu (1981)"},"content":{"rendered":"<p><a href=\"http:\/\/2.bp.blogspot.com\/_DSKVEvHtskc\/RttM-rLCNFI\/AAAAAAAAANY\/xmFs7F2SlFE\/s1600-h\/Edu-Tom.jpg\"><img decoding=\"async\" id=\"BLOGGER_PHOTO_ID_5105759242179195986\" style=\"DISPLAY: block; MARGIN: 0px auto 10px; CURSOR: hand; TEXT-ALIGN: center\" alt=\"\" src=\"http:\/\/2.bp.blogspot.com\/_DSKVEvHtskc\/RttM-rLCNFI\/AAAAAAAAANY\/xmFs7F2SlFE\/s400\/Edu-Tom.jpg\" border=\"0\" \/><\/a>Este disco \u00e9 uma maravilha s\u00f3. Produzido por Aloysio de Oliveira, o lp registra um encontro de dois grandes da mpb, o doutor Tom Jobim e o mestre Edu Lobo. Pelo que contam, o projeto inicial era para ser um disco de Edu e seus convidados. Mas quando o Tom chegou no est\u00fadio para gravar com Edu a sua parte (como convidado), acabou ficando para uma segunda. O entrosamento dos dois foi t\u00e3o bom que o Aloysio resolveu mudar o projeto para um disco da dupla. Isso \u00e9 que \u00e9 faro de um bom produtor. O resultado n\u00e3o podia ter sido melhor. Quem conhece sabe do que estou falando. Um \u00e1lbum realmente excepcional. Confiram mais este toque.<\/p>\n<div>\n<div style=\"text-align: center;\">Ai quem me dera (Tom Jobim\/Marino Pinto) &#8211; Edu e Tom<\/div>\n<div style=\"text-align: center;\">Pra dizer adeus (Edu Lobo\/Torquato Neto) &#8211; Edu e Tom<\/div>\n<div style=\"text-align: center;\">Chovendo na roseira (Tom Jobim) &#8211; Edu Lobo<\/div>\n<div style=\"text-align: center;\">Moto cont\u00ednuo (Edu Lobo\/Chico Buarque) &#8211; Edu e Tom<\/div>\n<div style=\"text-align: center;\">\u00c2ngela (Tom Jobim) &#8211; Tom Jobim<\/div>\n<div style=\"text-align: center;\">Luiza (Tom Jobim) &#8211; Edu e Tom<\/div>\n<div style=\"text-align: center;\">Can\u00e7\u00e3o do amanhecer (Edu Lobo\/Vin\u00edcius de Moraes) &#8211; Edu e Tom<\/div>\n<div style=\"text-align: center;\">Vento bravo (Edu Lobo\/Paulo Cesar Pinheiro) &#8211; Edu e Tom<\/div>\n<div style=\"text-align: center;\">\u00c9 preciso dizer adeus (Tom Jobim\/Vin\u00edcius de Morses) &#8211; Edu e Tom<\/div>\n<div style=\"text-align: center;\">Canto triste (Edu Lobo\/Vin\u00edcius de Moraes) &#8211; Edu Lobo<\/div>\n<div style=\"text-align: center;\"><\/div>\n<div style=\"text-align: center;\"><\/div>\n<\/div>\n","protected":false},"excerpt":{"rendered":"<p>Este disco \u00e9 uma maravilha s\u00f3. Produzido por Aloysio de Oliveira, o lp registra um encontro de dois grandes da mpb, o doutor Tom Jobim e o mestre Edu Lobo. Pelo que contam, o projeto inicial era para ser um &hellip; <a href=\"https:\/\/www.toque-musicall.com\/?p=2125\">Continue lendo <span class=\"meta-nav\">&rarr;<\/span><\/a><\/p>\n","protected":false},"author":1,"featured_media":0,"comment_status":"open","ping_status":"closed","sticky":false,"template":"","format":"standard","meta":{"footnotes":""},"categories":[135,293],"tags":[],"class_list":["post-2125","post","type-post","status-publish","format-standard","hentry","category-antonio-carlos-jobim","category-edu-lobo"],"_links":{"self":[{"href":"https:\/\/www.toque-musicall.com\/index.php?rest_route=\/wp\/v2\/posts\/2125","targetHints":{"allow":["GET"]}}],"collection":[{"href":"https:\/\/www.toque-musicall.com\/index.php?rest_route=\/wp\/v2\/posts"}],"about":[{"href":"https:\/\/www.toque-musicall.com\/index.php?rest_route=\/wp\/v2\/types\/post"}],"author":[{"embeddable":true,"href":"https:\/\/www.toque-musicall.com\/index.php?rest_route=\/wp\/v2\/users\/1"}],"replies":[{"embeddable":true,"href":"https:\/\/www.toque-musicall.com\/index.php?rest_route=%2Fwp%2Fv2%2Fcomments&post=2125"}],"version-history":[{"count":0,"href":"https:\/\/www.toque-musicall.com\/index.php?rest_route=\/wp\/v2\/posts\/2125\/revisions"}],"wp:attachment":[{"href":"https:\/\/www.toque-musicall.com\/index.php?rest_route=%2Fwp%2Fv2%2Fmedia&parent=2125"}],"wp:term":[{"taxonomy":"category","embeddable":true,"href":"https:\/\/www.toque-musicall.com\/index.php?rest_route=%2Fwp%2Fv2%2Fcategories&post=2125"},{"taxonomy":"post_tag","embeddable":true,"href":"https:\/\/www.toque-musicall.com\/index.php?rest_route=%2Fwp%2Fv2%2Ftags&post=2125"}],"curies":[{"name":"wp","href":"https:\/\/api.w.org\/{rel}","templated":true}]}}