{"id":2126,"date":"2007-09-02T03:03:00","date_gmt":"2007-09-02T03:03:00","guid":{"rendered":"http:\/\/www.toque-musicall.com\/?p=2126"},"modified":"2007-09-02T03:03:00","modified_gmt":"2007-09-02T03:03:00","slug":"carnaval-75-convocacao-geral-1975","status":"publish","type":"post","link":"https:\/\/www.toque-musicall.com\/?p=2126","title":{"rendered":"Carnaval 75 &#8211; Convoca\u00e7\u00e3o Geral (1975)"},"content":{"rendered":"<p><a href=\"http:\/\/4.bp.blogspot.com\/_DSKVEvHtskc\/RtopIbLCNEI\/AAAAAAAAANQ\/nHeo9_j4ax8\/s1600-h\/convoca%C3%83%C2%A7%C3%83%C2%A3o+geral+(carnaval+75)+-+capa.jpg\"><img decoding=\"async\" id=\"BLOGGER_PHOTO_ID_5105438352287609922\" style=\"DISPLAY: block; MARGIN: 0px auto 10px; CURSOR: hand; TEXT-ALIGN: center\" alt=\"\" src=\"http:\/\/4.bp.blogspot.com\/_DSKVEvHtskc\/RtopIbLCNEI\/AAAAAAAAANQ\/nHeo9_j4ax8\/s400\/convoca%C3%A7%C3%A3o+geral+(carnaval+75)+-+capa.jpg\" border=\"0\" \/><\/a>Olha a\u00ed uma boa contribui\u00e7\u00e3o que acaba de chegar. Um albinho raro e especial com diversos artistas da mpb. Para agilizar a postagem, vou apenas transcrever o texto que est\u00e1 o lp. Diz l\u00e1: &#8220;Em julho de 74 as Organiza\u00e7\u00f5es Globo lan\u00e7aram a promo\u00e7\u00e3o &#8220;Carnaval 75 &#8211; Convoca\u00e7\u00e3o Geral&#8221; com o objetivo de estimular a criatividade (e qualidade) das m\u00fasicas de carnaval. Este \u00e1lbum \u00e9 o resultado final deste trabalho que, temos certeza, trata-se de uma contribui\u00e7\u00e3o \u00e0 nossa cultura popular. N\u00e3o devemos esquecer um nome &#8211; Lupinc\u00ednio Rodrigues &#8211; que tamb\u00e9m foi convocado para o nosso &#8220;Carnaval 75&#8243;. Mas ele partiu, deixando saudades. Este \u00e1lbum \u00e9 uma homenagem a ele.&#8221;<\/p>\n<div><\/p>\n<div style=\"text-align: center;\">01 &#8211; jair rodrigues &#8211; sonhos de menino (credo cruz)<\/div>\n<div style=\"text-align: center;\">02 &#8211; moraes moreira &#8211; a dan\u00e7a da multid\u00e3o<\/div>\n<div style=\"text-align: center;\">03 &#8211; os originais do samba &#8211; fant\u00e1stico<\/div>\n<div style=\"text-align: center;\">04 &#8211; black-out &#8211; romeu e julieta<\/div>\n<div style=\"text-align: center;\">05 &#8211; as gatas &#8211; o caminho do amor<\/div>\n<div style=\"text-align: center;\">06 &#8211; jo\u00e3o nogueira &#8211; eu sei portela<\/div>\n<div style=\"text-align: center;\">07 &#8211; trama &#8211; no carnaval deste ano<\/div>\n<div style=\"text-align: center;\">08 &#8211; emilinha borba &#8211; cord\u00e3o da bahia<\/div>\n<div style=\"text-align: center;\">09 &#8211; caetano veloso &#8211; cara a cara<\/div>\n<div style=\"text-align: center;\">10 &#8211; luiz ayr\u00e3o &#8211; sebastiana<\/div>\n<div style=\"text-align: center;\">11 &#8211; marlene &#8211; clementina<\/div>\n<div style=\"text-align: center;\">12 &#8211; jorge goulart &#8211; sacum\u00e9<\/div>\n<div style=\"text-align: center;\">13 &#8211; marlene &#8211; samba do sapat\u00e3o<\/div>\n<div style=\"text-align: center;\">14 &#8211; oswaldo nunes &#8211; n\u00e3o me obrigue<\/div>\n<div style=\"text-align: center;\">15 &#8211; jorge goulart &#8211; marcha da pantera<\/div>\n<div style=\"text-align: center;\">16 &#8211; as gatas &#8211; samba do tem tem<\/div>\n<div style=\"text-align: center;\">17 &#8211; luiz melodia &#8211; a festa \u00e9 nossa<\/div>\n<\/div>\n","protected":false},"excerpt":{"rendered":"<p>Olha a\u00ed uma boa contribui\u00e7\u00e3o que acaba de chegar. Um albinho raro e especial com diversos artistas da mpb. Para agilizar a postagem, vou apenas transcrever o texto que est\u00e1 o lp. Diz l\u00e1: &#8220;Em julho de 74 as Organiza\u00e7\u00f5es &hellip; <a href=\"https:\/\/www.toque-musicall.com\/?p=2126\">Continue lendo <span class=\"meta-nav\">&rarr;<\/span><\/a><\/p>\n","protected":false},"author":1,"featured_media":0,"comment_status":"open","ping_status":"closed","sticky":false,"template":"","format":"standard","meta":{"footnotes":""},"categories":[1959,66],"tags":[],"class_list":["post-2126","post","type-post","status-publish","format-standard","hentry","category-carnaval-75","category-selo-som-livre"],"_links":{"self":[{"href":"https:\/\/www.toque-musicall.com\/index.php?rest_route=\/wp\/v2\/posts\/2126","targetHints":{"allow":["GET"]}}],"collection":[{"href":"https:\/\/www.toque-musicall.com\/index.php?rest_route=\/wp\/v2\/posts"}],"about":[{"href":"https:\/\/www.toque-musicall.com\/index.php?rest_route=\/wp\/v2\/types\/post"}],"author":[{"embeddable":true,"href":"https:\/\/www.toque-musicall.com\/index.php?rest_route=\/wp\/v2\/users\/1"}],"replies":[{"embeddable":true,"href":"https:\/\/www.toque-musicall.com\/index.php?rest_route=%2Fwp%2Fv2%2Fcomments&post=2126"}],"version-history":[{"count":0,"href":"https:\/\/www.toque-musicall.com\/index.php?rest_route=\/wp\/v2\/posts\/2126\/revisions"}],"wp:attachment":[{"href":"https:\/\/www.toque-musicall.com\/index.php?rest_route=%2Fwp%2Fv2%2Fmedia&parent=2126"}],"wp:term":[{"taxonomy":"category","embeddable":true,"href":"https:\/\/www.toque-musicall.com\/index.php?rest_route=%2Fwp%2Fv2%2Fcategories&post=2126"},{"taxonomy":"post_tag","embeddable":true,"href":"https:\/\/www.toque-musicall.com\/index.php?rest_route=%2Fwp%2Fv2%2Ftags&post=2126"}],"curies":[{"name":"wp","href":"https:\/\/api.w.org\/{rel}","templated":true}]}}