{"id":2129,"date":"2007-09-01T17:49:00","date_gmt":"2007-09-01T17:49:00","guid":{"rendered":"http:\/\/www.toque-musicall.com\/?p=2129"},"modified":"2007-09-01T17:49:00","modified_gmt":"2007-09-01T17:49:00","slug":"melao-leri-faria-jr-jequitinhonha-1980","status":"publish","type":"post","link":"https:\/\/www.toque-musicall.com\/?p=2129","title":{"rendered":"Mel\u00e3o &#038; Leri Faria Jr &#8211; Jequitinhonha (1980)"},"content":{"rendered":"<p><a href=\"http:\/\/4.bp.blogspot.com\/_DSKVEvHtskc\/Rtmm4rLCNBI\/AAAAAAAAAM4\/e4YY_vDnM20\/s1600-h\/jequi+f.JPG\"><img decoding=\"async\" style=\"TEXT-ALIGN: center; MARGIN: 0px auto 10px; DISPLAY: block; CURSOR: hand\" id=\"BLOGGER_PHOTO_ID_5105295145193059346\" border=\"0\" alt=\"\" src=\"http:\/\/4.bp.blogspot.com\/_DSKVEvHtskc\/Rtmm4rLCNBI\/AAAAAAAAAM4\/e4YY_vDnM20\/s400\/jequi+f.JPG\" \/><\/a>Este \u00e9 mais um disco que merece um toque musical por sua qualidade e principalmente sua raridade. Dif\u00edcil de achar at\u00e9 mesmo nos sebos de Bel\u00f4. Produ\u00e7\u00e3o independente feita por dois grandes m\u00fasicos da terra, Mel\u00e3o e Lery Faria Jr.. O \u00c1lbum nasceu como fruto de uma pesquisa, uma grande jornada cultural chamada \u201cProjeto Jequitinhonha \u2013 Uma Expedi\u00e7\u00e3o Cultural\u201d coordenada pelo artista pl\u00e1stico Paulo Laender e mais um grupo de artistas e intelectuais mineiros. A proposta do grupo era pesquisar a cultura local atrav\u00e9s de atividades como m\u00fasica, dan\u00e7a, teatro e artes-pl\u00e1sticas. O disco foi um dos frutos desse trabalho, na \u00e1rea da m\u00fasica. Os m\u00fasicos percorreram diversas cidades do norte de Minas como Berilo, Ara\u00e7ua\u00ed, Itaobim e Chapada do Norte, procurando resgatar atrav\u00e9s de composi\u00e7\u00f5es pr\u00f3prias e tamb\u00e9m de dom\u00ednio popular, a ess\u00eancia da regi\u00e3o. Um perfil do Vale e sua riqueza cultural.<\/p>\n<div><\/div>\n","protected":false},"excerpt":{"rendered":"<p>Este \u00e9 mais um disco que merece um toque musical por sua qualidade e principalmente sua raridade. Dif\u00edcil de achar at\u00e9 mesmo nos sebos de Bel\u00f4. Produ\u00e7\u00e3o independente feita por dois grandes m\u00fasicos da terra, Mel\u00e3o e Lery Faria Jr.. &hellip; <a href=\"https:\/\/www.toque-musicall.com\/?p=2129\">Continue lendo <span class=\"meta-nav\">&rarr;<\/span><\/a><\/p>\n","protected":false},"author":1,"featured_media":0,"comment_status":"open","ping_status":"closed","sticky":false,"template":"","format":"standard","meta":{"footnotes":""},"categories":[926,929],"tags":[],"class_list":["post-2129","post","type-post","status-publish","format-standard","hentry","category-leri-faria-jr","category-melao"],"_links":{"self":[{"href":"https:\/\/www.toque-musicall.com\/index.php?rest_route=\/wp\/v2\/posts\/2129","targetHints":{"allow":["GET"]}}],"collection":[{"href":"https:\/\/www.toque-musicall.com\/index.php?rest_route=\/wp\/v2\/posts"}],"about":[{"href":"https:\/\/www.toque-musicall.com\/index.php?rest_route=\/wp\/v2\/types\/post"}],"author":[{"embeddable":true,"href":"https:\/\/www.toque-musicall.com\/index.php?rest_route=\/wp\/v2\/users\/1"}],"replies":[{"embeddable":true,"href":"https:\/\/www.toque-musicall.com\/index.php?rest_route=%2Fwp%2Fv2%2Fcomments&post=2129"}],"version-history":[{"count":0,"href":"https:\/\/www.toque-musicall.com\/index.php?rest_route=\/wp\/v2\/posts\/2129\/revisions"}],"wp:attachment":[{"href":"https:\/\/www.toque-musicall.com\/index.php?rest_route=%2Fwp%2Fv2%2Fmedia&parent=2129"}],"wp:term":[{"taxonomy":"category","embeddable":true,"href":"https:\/\/www.toque-musicall.com\/index.php?rest_route=%2Fwp%2Fv2%2Fcategories&post=2129"},{"taxonomy":"post_tag","embeddable":true,"href":"https:\/\/www.toque-musicall.com\/index.php?rest_route=%2Fwp%2Fv2%2Ftags&post=2129"}],"curies":[{"name":"wp","href":"https:\/\/api.w.org\/{rel}","templated":true}]}}