{"id":2132,"date":"2007-08-31T01:24:00","date_gmt":"2007-08-31T01:24:00","guid":{"rendered":"http:\/\/www.toque-musicall.com\/?p=2132"},"modified":"2007-08-31T01:24:00","modified_gmt":"2007-08-31T01:24:00","slug":"mpb-4-de-palavra-em-palavra-1971","status":"publish","type":"post","link":"https:\/\/www.toque-musicall.com\/?p=2132","title":{"rendered":"MPB 4 &#8211; De Palavra&#8230; Em Palavra&#8230; (1971)"},"content":{"rendered":"<p><a href=\"http:\/\/4.bp.blogspot.com\/_DSKVEvHtskc\/RtdzGLLCM9I\/AAAAAAAAAMY\/tZG03Vn3viM\/s1600-h\/MPB+4.jpg\"><img decoding=\"async\" id=\"BLOGGER_PHOTO_ID_5104675252563227602\" style=\"DISPLAY: block; MARGIN: 0px auto 10px; CURSOR: hand; TEXT-ALIGN: center\" alt=\"\" src=\"http:\/\/4.bp.blogspot.com\/_DSKVEvHtskc\/RtdzGLLCM9I\/AAAAAAAAAMY\/tZG03Vn3viM\/s400\/MPB+4.jpg\" border=\"0\" \/><\/a>Me perdoem caso eu esteja sendo repetitivo. N\u00e3o \u00e9 por ser mais f\u00e1cil, trata-se apenas de afinidades sonoras. De palavra em palavra a gente faz um verso. Do verso tira a can\u00e7\u00e3o. Da can\u00e7\u00e3o vem o MPB 4. Esse quarteto vocal \u00e9 fant\u00e1stico. Os caras est\u00e3o juntos e na ativa desde o in\u00edcio da d\u00e9cada de 60. Em 2004 o Ruy Faria saiu do grupo. Mas eles continuaram&#8230; perde um membro, mas n\u00e3o perdem o nome. \u00c9 mercidamente um dos grupos vocais mais importantes da nossa m\u00fasica. Na verdade eles s\u00e3o mais que um simples grupo vocal. Quem conhece a traget\u00f3ria deles sabe disso. O disco da postagem \u00e9 da fase que mais aprecio. Tem uma sele\u00e7\u00e3o musical perfeita e balanceada, olha s\u00f3: &#8220;Cravo e canela&#8221; de Milton Nascimento e Ronaldo Bastos, &#8220;Eu cheguei l\u00e1&#8221; de Dorival Caymmi&#8221; e &#8220;Pois \u00e9, pra qu\u00ea?&#8221; de Sidney Miller. Mas espere&#8230; voc\u00ea ainda leva a faixa-t\u00edtulo, uma parceria de Miltinho com Maur\u00edcio Tapaj\u00f3s e Paulo C\u00e9sar Pinheiro, e mais&#8230; &#8220;Minha hist\u00f3ria&#8221;, vers\u00e3o de Chico Buarque para a can\u00e7\u00e3o &#8220;Gesubambino&#8221; (Dalla e Pallottino). Para completar voc\u00ea ainda recebe o certificado de garantia de que este lp \u00e9 muito bom! Toque, toque&#8230; toca a\u00ed\u2026<\/p>\n<div><\/div>\n","protected":false},"excerpt":{"rendered":"<p>Me perdoem caso eu esteja sendo repetitivo. N\u00e3o \u00e9 por ser mais f\u00e1cil, trata-se apenas de afinidades sonoras. De palavra em palavra a gente faz um verso. Do verso tira a can\u00e7\u00e3o. Da can\u00e7\u00e3o vem o MPB 4. Esse quarteto &hellip; <a href=\"https:\/\/www.toque-musicall.com\/?p=2132\">Continue lendo <span class=\"meta-nav\">&rarr;<\/span><\/a><\/p>\n","protected":false},"author":1,"featured_media":0,"comment_status":"open","ping_status":"closed","sticky":false,"template":"","format":"standard","meta":{"footnotes":""},"categories":[51],"tags":[],"class_list":["post-2132","post","type-post","status-publish","format-standard","hentry","category-mpb-4"],"_links":{"self":[{"href":"https:\/\/www.toque-musicall.com\/index.php?rest_route=\/wp\/v2\/posts\/2132","targetHints":{"allow":["GET"]}}],"collection":[{"href":"https:\/\/www.toque-musicall.com\/index.php?rest_route=\/wp\/v2\/posts"}],"about":[{"href":"https:\/\/www.toque-musicall.com\/index.php?rest_route=\/wp\/v2\/types\/post"}],"author":[{"embeddable":true,"href":"https:\/\/www.toque-musicall.com\/index.php?rest_route=\/wp\/v2\/users\/1"}],"replies":[{"embeddable":true,"href":"https:\/\/www.toque-musicall.com\/index.php?rest_route=%2Fwp%2Fv2%2Fcomments&post=2132"}],"version-history":[{"count":0,"href":"https:\/\/www.toque-musicall.com\/index.php?rest_route=\/wp\/v2\/posts\/2132\/revisions"}],"wp:attachment":[{"href":"https:\/\/www.toque-musicall.com\/index.php?rest_route=%2Fwp%2Fv2%2Fmedia&parent=2132"}],"wp:term":[{"taxonomy":"category","embeddable":true,"href":"https:\/\/www.toque-musicall.com\/index.php?rest_route=%2Fwp%2Fv2%2Fcategories&post=2132"},{"taxonomy":"post_tag","embeddable":true,"href":"https:\/\/www.toque-musicall.com\/index.php?rest_route=%2Fwp%2Fv2%2Ftags&post=2132"}],"curies":[{"name":"wp","href":"https:\/\/api.w.org\/{rel}","templated":true}]}}