{"id":2133,"date":"2007-08-30T02:58:00","date_gmt":"2007-08-30T02:58:00","guid":{"rendered":"http:\/\/www.toque-musicall.com\/?p=2133"},"modified":"2007-08-30T02:58:00","modified_gmt":"2007-08-30T02:58:00","slug":"luiz-guedes-thomas-roth-jornal-do-planeta-1983","status":"publish","type":"post","link":"https:\/\/www.toque-musicall.com\/?p=2133","title":{"rendered":"Luiz Guedes &#038; Thomas Roth &#8211; Jornal do Planeta (1983)"},"content":{"rendered":"<p><a href=\"http:\/\/2.bp.blogspot.com\/_DSKVEvHtskc\/RtY1R7LCM8I\/AAAAAAAAAMQ\/LeBTa2-Ad3w\/s1600-h\/Luiz+Guedes+e+Thomas+Roth+-+Jornal+do+Planeta+F.JPG\"><img decoding=\"async\" id=\"BLOGGER_PHOTO_ID_5104325809729057730\" style=\"DISPLAY: block; MARGIN: 0px auto 10px; CURSOR: hand; TEXT-ALIGN: center\" alt=\"\" src=\"http:\/\/2.bp.blogspot.com\/_DSKVEvHtskc\/RtY1R7LCM8I\/AAAAAAAAAMQ\/LeBTa2-Ad3w\/s400\/Luiz+Guedes+e+Thomas+Roth+-+Jornal+do+Planeta+F.JPG\" border=\"0\" \/><\/a>Na sequencia, vai agora o que foi o segundo e \u00faltimo \u00e1lbum da dupla. &#8220;Jornal do Planeta&#8221; segue a mesma linha de &#8220;Extra&#8221;. Um disco com todas as qualidades e cheio de sucessos que foram tamb\u00e9m sucessos nas vozes de outros artistas. Lembram de &#8220;Nova Esta\u00e7\u00e3o&#8221;, &#8220;Ela sabe demais&#8221;, &#8220;Amoramar&#8221;, &#8220;No galeio do trem&#8221;? Tem mais&#8230; T\u00e1 tudo aqui neste \u00e1lbum.<br \/>Completando o toque, informo que os dois lps foram relan\u00e7ados (condensados em um s\u00f3 cd) pela <a href=\"http:\/\/www.luamusic.com.br\/\">Lua Discos<\/a> de Thomas Roth e encontram-se a venda. A renda obtida com a venda do cd est\u00e1 sendo revertida para a fam\u00edlia de Luiz Guedes, falecido em 1997. Eu j\u00e1 comprei o meu, remasterizado e original. Se voc\u00eas gostaram, fa\u00e7am o mesmo. Ta\u00ed a chance&#8230;<\/p>\n<div><\/div>\n<div><\/div>\n","protected":false},"excerpt":{"rendered":"<p>Na sequencia, vai agora o que foi o segundo e \u00faltimo \u00e1lbum da dupla. &#8220;Jornal do Planeta&#8221; segue a mesma linha de &#8220;Extra&#8221;. Um disco com todas as qualidades e cheio de sucessos que foram tamb\u00e9m sucessos nas vozes de &hellip; <a href=\"https:\/\/www.toque-musicall.com\/?p=2133\">Continue lendo <span class=\"meta-nav\">&rarr;<\/span><\/a><\/p>\n","protected":false},"author":1,"featured_media":0,"comment_status":"open","ping_status":"closed","sticky":false,"template":"","format":"standard","meta":{"footnotes":""},"categories":[1962,1961],"tags":[],"class_list":["post-2133","post","type-post","status-publish","format-standard","hentry","category-luiz-guedes","category-thomas-roth"],"_links":{"self":[{"href":"https:\/\/www.toque-musicall.com\/index.php?rest_route=\/wp\/v2\/posts\/2133","targetHints":{"allow":["GET"]}}],"collection":[{"href":"https:\/\/www.toque-musicall.com\/index.php?rest_route=\/wp\/v2\/posts"}],"about":[{"href":"https:\/\/www.toque-musicall.com\/index.php?rest_route=\/wp\/v2\/types\/post"}],"author":[{"embeddable":true,"href":"https:\/\/www.toque-musicall.com\/index.php?rest_route=\/wp\/v2\/users\/1"}],"replies":[{"embeddable":true,"href":"https:\/\/www.toque-musicall.com\/index.php?rest_route=%2Fwp%2Fv2%2Fcomments&post=2133"}],"version-history":[{"count":0,"href":"https:\/\/www.toque-musicall.com\/index.php?rest_route=\/wp\/v2\/posts\/2133\/revisions"}],"wp:attachment":[{"href":"https:\/\/www.toque-musicall.com\/index.php?rest_route=%2Fwp%2Fv2%2Fmedia&parent=2133"}],"wp:term":[{"taxonomy":"category","embeddable":true,"href":"https:\/\/www.toque-musicall.com\/index.php?rest_route=%2Fwp%2Fv2%2Fcategories&post=2133"},{"taxonomy":"post_tag","embeddable":true,"href":"https:\/\/www.toque-musicall.com\/index.php?rest_route=%2Fwp%2Fv2%2Ftags&post=2133"}],"curies":[{"name":"wp","href":"https:\/\/api.w.org\/{rel}","templated":true}]}}