{"id":2134,"date":"2007-08-30T02:11:00","date_gmt":"2007-08-30T02:11:00","guid":{"rendered":"http:\/\/www.toque-musicall.com\/?p=2134"},"modified":"2007-08-30T02:11:00","modified_gmt":"2007-08-30T02:11:00","slug":"luiz-guedes-thomas-roth-extra-1982","status":"publish","type":"post","link":"https:\/\/www.toque-musicall.com\/?p=2134","title":{"rendered":"Luiz Guedes &#038; Thomas Roth &#8211; Extra (1982)"},"content":{"rendered":"<p><a href=\"http:\/\/3.bp.blogspot.com\/_DSKVEvHtskc\/RtYnvLLCM7I\/AAAAAAAAAMI\/W-OQeRhmyKA\/s1600-h\/Luiz+Guedes+e+Thomas+Roth+-+Extra.JPG\"><img decoding=\"async\" id=\"BLOGGER_PHOTO_ID_5104310919077442482\" style=\"DISPLAY: block; MARGIN: 0px auto 10px; CURSOR: hand; TEXT-ALIGN: center\" alt=\"\" src=\"http:\/\/3.bp.blogspot.com\/_DSKVEvHtskc\/RtYnvLLCM7I\/AAAAAAAAAMI\/W-OQeRhmyKA\/s400\/Luiz+Guedes+e+Thomas+Roth+-+Extra.JPG\" border=\"0\" \/><\/a> No \u00ednicio dos anos 80 apareceu no cen\u00e1rio musical uma dupla que logo que eu os ouvi no r\u00e1dio pensei que fosse alguma coisa da turma do &#8220;Clube da Esquina&#8221;. As melodias, arranjos e vocal bem aos moldes dos mineiros. Comprei o disco e n\u00e3o me arrependi. Um lp de estr\u00e9ia muito legal, com melodias simples que colam no ouvido. De cara simpatizei com eles. Suas m\u00fasicas j\u00e1 foram gravadas por Elis Regina, Roupa Nova, Simone, Beto Guedes e muitos outros artistas. Voc\u00eas precisam ouvir &#8220;Estradas (dentro da cabe\u00e7a)&#8221;, &#8220;Chuva de vento&#8221;, &#8220;S\u00e3o Paulo (cora\u00e7\u00e3o do tempo)&#8221;&#8230; s\u00e3o deliciosas. Este toque voc\u00eas n\u00e3o podem perder.<\/p>\n<div><\/div>\n<div><\/div>\n","protected":false},"excerpt":{"rendered":"<p>No \u00ednicio dos anos 80 apareceu no cen\u00e1rio musical uma dupla que logo que eu os ouvi no r\u00e1dio pensei que fosse alguma coisa da turma do &#8220;Clube da Esquina&#8221;. As melodias, arranjos e vocal bem aos moldes dos mineiros. &hellip; <a href=\"https:\/\/www.toque-musicall.com\/?p=2134\">Continue lendo <span class=\"meta-nav\">&rarr;<\/span><\/a><\/p>\n","protected":false},"author":1,"featured_media":0,"comment_status":"open","ping_status":"closed","sticky":false,"template":"","format":"standard","meta":{"footnotes":""},"categories":[1962,1961],"tags":[],"class_list":["post-2134","post","type-post","status-publish","format-standard","hentry","category-luiz-guedes","category-thomas-roth"],"_links":{"self":[{"href":"https:\/\/www.toque-musicall.com\/index.php?rest_route=\/wp\/v2\/posts\/2134","targetHints":{"allow":["GET"]}}],"collection":[{"href":"https:\/\/www.toque-musicall.com\/index.php?rest_route=\/wp\/v2\/posts"}],"about":[{"href":"https:\/\/www.toque-musicall.com\/index.php?rest_route=\/wp\/v2\/types\/post"}],"author":[{"embeddable":true,"href":"https:\/\/www.toque-musicall.com\/index.php?rest_route=\/wp\/v2\/users\/1"}],"replies":[{"embeddable":true,"href":"https:\/\/www.toque-musicall.com\/index.php?rest_route=%2Fwp%2Fv2%2Fcomments&post=2134"}],"version-history":[{"count":0,"href":"https:\/\/www.toque-musicall.com\/index.php?rest_route=\/wp\/v2\/posts\/2134\/revisions"}],"wp:attachment":[{"href":"https:\/\/www.toque-musicall.com\/index.php?rest_route=%2Fwp%2Fv2%2Fmedia&parent=2134"}],"wp:term":[{"taxonomy":"category","embeddable":true,"href":"https:\/\/www.toque-musicall.com\/index.php?rest_route=%2Fwp%2Fv2%2Fcategories&post=2134"},{"taxonomy":"post_tag","embeddable":true,"href":"https:\/\/www.toque-musicall.com\/index.php?rest_route=%2Fwp%2Fv2%2Ftags&post=2134"}],"curies":[{"name":"wp","href":"https:\/\/api.w.org\/{rel}","templated":true}]}}