{"id":2135,"date":"2007-08-29T01:21:00","date_gmt":"2007-08-29T01:21:00","guid":{"rendered":"http:\/\/www.toque-musicall.com\/?p=2135"},"modified":"2007-08-29T01:21:00","modified_gmt":"2007-08-29T01:21:00","slug":"os-pastores-da-noite-ou-otalia-da-bahia-antonio-carlos-e-jocafi-1977","status":"publish","type":"post","link":"https:\/\/www.toque-musicall.com\/?p=2135","title":{"rendered":"Os Pastores da Noite ou Ot\u00e1lia da Bahia &#8211; Antonio Carlos e Jocafi (1977)"},"content":{"rendered":"<p><a href=\"http:\/\/1.bp.blogspot.com\/_DSKVEvHtskc\/RtTNOLLCM5I\/AAAAAAAAAL4\/A5F1G5tNdr8\/s1600-h\/1977+-+Os+Pastores+da+Noite+-+capa+01.jpg\"><img decoding=\"async\" id=\"BLOGGER_PHOTO_ID_5103929921118548882\" style=\"DISPLAY: block; MARGIN: 0px auto 10px; CURSOR: hand; TEXT-ALIGN: center\" alt=\"\" src=\"http:\/\/1.bp.blogspot.com\/_DSKVEvHtskc\/RtTNOLLCM5I\/AAAAAAAAAL4\/A5F1G5tNdr8\/s400\/1977+-+Os+Pastores+da+Noite+-+capa+01.jpg\" border=\"0\" \/><\/a>Direto do Trilha Sonora, uma cortesia para o nosso deleite e de nossos visitantes. Extra\u00eddo do livro, de mesmo nome, do escritor baiano Jorge Amado, &#8220;Os Pastores da Noite&#8221; foi um filme dirigido pelo franc\u00eas Marcel Camus. participaram do filme Grande Otelo, Antonio Pitanga, Zeni Pereira, Jofre Soares e Mira Fonseca. A trilha musical \u00e9 composta pela dupla Antonio Carlos e Jocafi e tem a intrepreta\u00e7\u00e3o da cantora Maria Creuza.<br \/>Sinopse: Inspirado na hist\u00f3ria hom\u00f4nima de Jorge Amado, o filme conta como a chegada de Ot\u00e1lia (Mira Fonseca) \u00e0 Bahia transformaria a vida de v\u00e1rios homens. Nessa famosa hist\u00f3ria da literatura brasileira, Marcel Camus, diretor do filme, mostra a aventura e o romance no mundo do candobl\u00e9, como fez com igual \u00eaxito no filme &#8220;Orfeu do Carnaval&#8221;. Posteriormente, o filme recebeu o t\u00edtulo &#8220;Ot\u00e1lia da Bahia&#8221;.<\/p>\n<div><\/div>\n<div><\/div>\n","protected":false},"excerpt":{"rendered":"<p>Direto do Trilha Sonora, uma cortesia para o nosso deleite e de nossos visitantes. Extra\u00eddo do livro, de mesmo nome, do escritor baiano Jorge Amado, &#8220;Os Pastores da Noite&#8221; foi um filme dirigido pelo franc\u00eas Marcel Camus. participaram do filme &hellip; <a href=\"https:\/\/www.toque-musicall.com\/?p=2135\">Continue lendo <span class=\"meta-nav\">&rarr;<\/span><\/a><\/p>\n","protected":false},"author":1,"featured_media":0,"comment_status":"open","ping_status":"closed","sticky":false,"template":"","format":"standard","meta":{"footnotes":""},"categories":[1250,1963,346],"tags":[],"class_list":["post-2135","post","type-post","status-publish","format-standard","hentry","category-antonio-carlos-e-jocafi","category-os-pastores-da-noite-ou-otalia-da-bahia","category-trilhas"],"_links":{"self":[{"href":"https:\/\/www.toque-musicall.com\/index.php?rest_route=\/wp\/v2\/posts\/2135","targetHints":{"allow":["GET"]}}],"collection":[{"href":"https:\/\/www.toque-musicall.com\/index.php?rest_route=\/wp\/v2\/posts"}],"about":[{"href":"https:\/\/www.toque-musicall.com\/index.php?rest_route=\/wp\/v2\/types\/post"}],"author":[{"embeddable":true,"href":"https:\/\/www.toque-musicall.com\/index.php?rest_route=\/wp\/v2\/users\/1"}],"replies":[{"embeddable":true,"href":"https:\/\/www.toque-musicall.com\/index.php?rest_route=%2Fwp%2Fv2%2Fcomments&post=2135"}],"version-history":[{"count":0,"href":"https:\/\/www.toque-musicall.com\/index.php?rest_route=\/wp\/v2\/posts\/2135\/revisions"}],"wp:attachment":[{"href":"https:\/\/www.toque-musicall.com\/index.php?rest_route=%2Fwp%2Fv2%2Fmedia&parent=2135"}],"wp:term":[{"taxonomy":"category","embeddable":true,"href":"https:\/\/www.toque-musicall.com\/index.php?rest_route=%2Fwp%2Fv2%2Fcategories&post=2135"},{"taxonomy":"post_tag","embeddable":true,"href":"https:\/\/www.toque-musicall.com\/index.php?rest_route=%2Fwp%2Fv2%2Ftags&post=2135"}],"curies":[{"name":"wp","href":"https:\/\/api.w.org\/{rel}","templated":true}]}}