{"id":214,"date":"2011-12-13T11:09:00","date_gmt":"2011-12-13T11:09:00","guid":{"rendered":"http:\/\/www.toque-musicall.com\/?p=214"},"modified":"2014-06-05T22:25:57","modified_gmt":"2014-06-06T01:25:57","slug":"orquestra-de-lyrio-panicali-nova-dimensao-1964","status":"publish","type":"post","link":"https:\/\/www.toque-musicall.com\/?p=214","title":{"rendered":"Orquestra De Lyrio Panicali &#8211; Nova Dimens\u00e3o (1964)"},"content":{"rendered":"<p><a href=\"http:\/\/3.bp.blogspot.com\/-6gVfVJMjjLo\/Tucyvg7bGVI\/AAAAAAAAAsw\/gw2vsAUgYgo\/s1600\/Lyrio+P.JPG\"><img decoding=\"async\" id=\"BLOGGER_PHOTO_ID_5685568846452955474\" style=\"display: block; margin: 0px auto 10px; text-align: center; cursor: hand; width: 395px; height: 400px;\" alt=\"\" src=\"http:\/\/3.bp.blogspot.com\/-6gVfVJMjjLo\/Tucyvg7bGVI\/AAAAAAAAAsw\/gw2vsAUgYgo\/s400\/Lyrio+P.JPG\" border=\"0\" \/><\/a>Boa tarde cultos e ocultos! Como eu havia dito, estou terminando o ano \u00e0s custas do acervo j\u00e1 digitalizado e daqueles chamados &#8216;de gaveta&#8217;. Tudo isso por conta do meu amplifcador que pifou. At\u00e9 segunda ordem, vamos por lenha no estoque.<br \/>\nEis um disco que eu sempre pensei em postar aqui no Toque Musical, mas diante a tantas outras fontes fornecendo o mesmo conte\u00fado, a coisa acabou perdendo a gra\u00e7a. &#8216;Coisa&#8217; n\u00e3o, alto l\u00e1! &#8220;Nova Dimens\u00e3o&#8221; \u00e9 na verdade um senhor disco, talvez o que eu mais gosto entre os trabalhos de Panicali. Neste lp, lan\u00e7ado pela Odeon em 1964, ele realmente toma uma nova dimens\u00e3o, orquestrando com categoria a m\u00fasica moderna, ent\u00e3o em voga, a Bossa Nova. O resultado \u00e9 primoroso, moderno tamb\u00e9m para orquestra. Lyrio Panicali nos apresenta doze temas de aut\u00eantica bossa, em arranjos de tirar o chap\u00e9u. E isso tamb\u00e9m se deve muito ao fato de ser um dos raros discos gravados em est\u00e9reo naquela primeira metade dos anos 60 aqui no Brasil. Quem ainda n\u00e3o topou com este lp em outros blogs, aproveita aqui a ocasi\u00e3o \ud83d\ude09<\/p>\n<div style=\"text-align: center;\">l\u00e1grima flor<br \/>\ncaranval triste<br \/>\nconsola\u00e7\u00e3o<br \/>\nvou andar por a\u00ed<br \/>\ndeus brasileiro<br \/>\ndesafinado<br \/>\nlobo bobo<br \/>\nnan\u00e3<br \/>\nbalan\u00e7o zona sul<br \/>\nlabareda<br \/>\nbatida diferente<br \/>\ngarota de ipanema<\/div>\n","protected":false},"excerpt":{"rendered":"<p>Boa tarde cultos e ocultos! Como eu havia dito, estou terminando o ano \u00e0s custas do acervo j\u00e1 digitalizado e daqueles chamados &#8216;de gaveta&#8217;. Tudo isso por conta do meu amplifcador que pifou. At\u00e9 segunda ordem, vamos por lenha no &hellip; <a href=\"https:\/\/www.toque-musicall.com\/?p=214\">Continue lendo <span class=\"meta-nav\">&rarr;<\/span><\/a><\/p>\n","protected":false},"author":1,"featured_media":0,"comment_status":"open","ping_status":"closed","sticky":false,"template":"","format":"standard","meta":{"footnotes":""},"categories":[387,86],"tags":[],"class_list":["post-214","post","type-post","status-publish","format-standard","hentry","category-lyrio-panicali","category-selo-odeon"],"_links":{"self":[{"href":"https:\/\/www.toque-musicall.com\/index.php?rest_route=\/wp\/v2\/posts\/214","targetHints":{"allow":["GET"]}}],"collection":[{"href":"https:\/\/www.toque-musicall.com\/index.php?rest_route=\/wp\/v2\/posts"}],"about":[{"href":"https:\/\/www.toque-musicall.com\/index.php?rest_route=\/wp\/v2\/types\/post"}],"author":[{"embeddable":true,"href":"https:\/\/www.toque-musicall.com\/index.php?rest_route=\/wp\/v2\/users\/1"}],"replies":[{"embeddable":true,"href":"https:\/\/www.toque-musicall.com\/index.php?rest_route=%2Fwp%2Fv2%2Fcomments&post=214"}],"version-history":[{"count":1,"href":"https:\/\/www.toque-musicall.com\/index.php?rest_route=\/wp\/v2\/posts\/214\/revisions"}],"predecessor-version":[{"id":4265,"href":"https:\/\/www.toque-musicall.com\/index.php?rest_route=\/wp\/v2\/posts\/214\/revisions\/4265"}],"wp:attachment":[{"href":"https:\/\/www.toque-musicall.com\/index.php?rest_route=%2Fwp%2Fv2%2Fmedia&parent=214"}],"wp:term":[{"taxonomy":"category","embeddable":true,"href":"https:\/\/www.toque-musicall.com\/index.php?rest_route=%2Fwp%2Fv2%2Fcategories&post=214"},{"taxonomy":"post_tag","embeddable":true,"href":"https:\/\/www.toque-musicall.com\/index.php?rest_route=%2Fwp%2Fv2%2Ftags&post=214"}],"curies":[{"name":"wp","href":"https:\/\/api.w.org\/{rel}","templated":true}]}}