{"id":2141,"date":"2007-08-28T02:26:00","date_gmt":"2007-08-28T02:26:00","guid":{"rendered":"http:\/\/www.toque-musicall.com\/?p=2141"},"modified":"2007-08-28T02:26:00","modified_gmt":"2007-08-28T02:26:00","slug":"bibi-ferreira-bibi-em-pessoa-1963","status":"publish","type":"post","link":"https:\/\/www.toque-musicall.com\/?p=2141","title":{"rendered":"Bibi Ferreira &#8211; Bibi Em Pessoa (1963)"},"content":{"rendered":"<p><a href=\"http:\/\/2.bp.blogspot.com\/_DSKVEvHtskc\/RtOI1rLCM0I\/AAAAAAAAALQ\/ngnUmrIyoGk\/s1600-h\/bibi+ferreira+-+bibi+ferreira+em+pessoa+-+1963+TM.JPG\"><img decoding=\"async\" id=\"BLOGGER_PHOTO_ID_5103573258444354370\" style=\"DISPLAY: block; MARGIN: 0px auto 10px; CURSOR: hand; TEXT-ALIGN: center\" alt=\"\" src=\"http:\/\/2.bp.blogspot.com\/_DSKVEvHtskc\/RtOI1rLCM0I\/AAAAAAAAALQ\/ngnUmrIyoGk\/s400\/bibi+ferreira+-+bibi+ferreira+em+pessoa+-+1963+TM.JPG\" border=\"0\" \/><\/a> Come\u00e7ando mais uma semana, meu toque agora vai para uma artista do palco completa. Uma lenda viva do teatro brasileiro, Bibi Ferreira. Aplausos para ela! Aplausos tamb\u00e9m para a minha amiga Andr\u00e9a quem me enviou este raro disquinho. &#8220;Bibi Ferreira em pessoa&#8221; foi um disco premiado pelos cr\u00edticos do jornal Correio da Manh\u00e3 &#8211; Melhor disco em Prosa, do ano (ser\u00e1 que ainda existe essa modalidade de premia\u00e7\u00e3o?). Uma produ\u00e7\u00e3o de Aloysio Oliveira e arranjos do maestro Lindolfo Gaya. T\u00e1 dado o toque&#8230;<\/p>\n<div><\/div>\n<div><\/div>\n","protected":false},"excerpt":{"rendered":"<p>Come\u00e7ando mais uma semana, meu toque agora vai para uma artista do palco completa. Uma lenda viva do teatro brasileiro, Bibi Ferreira. Aplausos para ela! Aplausos tamb\u00e9m para a minha amiga Andr\u00e9a quem me enviou este raro disquinho. &#8220;Bibi Ferreira &hellip; <a href=\"https:\/\/www.toque-musicall.com\/?p=2141\">Continue lendo <span class=\"meta-nav\">&rarr;<\/span><\/a><\/p>\n","protected":false},"author":1,"featured_media":0,"comment_status":"open","ping_status":"closed","sticky":false,"template":"","format":"standard","meta":{"footnotes":""},"categories":[1621],"tags":[],"class_list":["post-2141","post","type-post","status-publish","format-standard","hentry","category-bibi-ferreira"],"_links":{"self":[{"href":"https:\/\/www.toque-musicall.com\/index.php?rest_route=\/wp\/v2\/posts\/2141","targetHints":{"allow":["GET"]}}],"collection":[{"href":"https:\/\/www.toque-musicall.com\/index.php?rest_route=\/wp\/v2\/posts"}],"about":[{"href":"https:\/\/www.toque-musicall.com\/index.php?rest_route=\/wp\/v2\/types\/post"}],"author":[{"embeddable":true,"href":"https:\/\/www.toque-musicall.com\/index.php?rest_route=\/wp\/v2\/users\/1"}],"replies":[{"embeddable":true,"href":"https:\/\/www.toque-musicall.com\/index.php?rest_route=%2Fwp%2Fv2%2Fcomments&post=2141"}],"version-history":[{"count":0,"href":"https:\/\/www.toque-musicall.com\/index.php?rest_route=\/wp\/v2\/posts\/2141\/revisions"}],"wp:attachment":[{"href":"https:\/\/www.toque-musicall.com\/index.php?rest_route=%2Fwp%2Fv2%2Fmedia&parent=2141"}],"wp:term":[{"taxonomy":"category","embeddable":true,"href":"https:\/\/www.toque-musicall.com\/index.php?rest_route=%2Fwp%2Fv2%2Fcategories&post=2141"},{"taxonomy":"post_tag","embeddable":true,"href":"https:\/\/www.toque-musicall.com\/index.php?rest_route=%2Fwp%2Fv2%2Ftags&post=2141"}],"curies":[{"name":"wp","href":"https:\/\/api.w.org\/{rel}","templated":true}]}}