{"id":2155,"date":"2007-08-23T02:26:00","date_gmt":"2007-08-23T02:26:00","guid":{"rendered":"http:\/\/www.toque-musicall.com\/?p=2155"},"modified":"2007-08-23T02:26:00","modified_gmt":"2007-08-23T02:26:00","slug":"carlos-dafe-venha-matar-saudades-1978","status":"publish","type":"post","link":"https:\/\/www.toque-musicall.com\/?p=2155","title":{"rendered":"Carlos Daf\u00e9 &#8211; Venha Matar Saudades (1978)"},"content":{"rendered":"<p><a href=\"http:\/\/4.bp.blogspot.com\/_DSKVEvHtskc\/Rsz4QxZWV5I\/AAAAAAAAAJQ\/vKsNKVBnBdo\/s1600-h\/Carlos+Dafe+f.jpg\"><img decoding=\"async\" id=\"BLOGGER_PHOTO_ID_5101725444925183890\" style=\"DISPLAY: block; MARGIN: 0px auto 10px; CURSOR: hand; TEXT-ALIGN: center\" alt=\"\" src=\"http:\/\/4.bp.blogspot.com\/_DSKVEvHtskc\/Rsz4QxZWV5I\/AAAAAAAAAJQ\/vKsNKVBnBdo\/s400\/Carlos+Dafe+f.jpg\" border=\"0\" \/><\/a>Carlos Daf\u00e9 \u00e9 outro artista com uma longa e rica traget\u00f3ria musical, mas pouco conhecido do grande p\u00fablico. Sua hist\u00f3ria come\u00e7a l\u00e1 pelos anos 60 quando integrou o grupo Aboli\u00e7\u00e3o do Dom Salvador. Trabalhou com Tim Maia e fez parte do movimento de soul music no Brasil (Movimento Black Rio) ao lado de figuras como Cassiano, Gerson King Combo, Banda Black Rio, Dom Salvador, Tim Maia e outros&#8230; Suas composi\u00e7\u00f5es foram gravadas por diversos e variados artistas. Ao longo desse tempo gravou alguns discos interessantes, como este que apresento, lan\u00e7ado em 1978. O cara continua na ativa. Recentemente ele participou do \u201cFestival Rec-Beat\u201d em Recife ao lado de artistas da nova gera\u00e7\u00e3o como B Neg\u00e3o (Planet Hemp) e Thalma de Freitas. Um disco raro e uma preciosidade no mundo da \u201cblack music brasileira\u201d. Mais um toque a\u00ed&#8230;<\/p>\n<div><\/div>\n<div><\/div>\n","protected":false},"excerpt":{"rendered":"<p>Carlos Daf\u00e9 \u00e9 outro artista com uma longa e rica traget\u00f3ria musical, mas pouco conhecido do grande p\u00fablico. Sua hist\u00f3ria come\u00e7a l\u00e1 pelos anos 60 quando integrou o grupo Aboli\u00e7\u00e3o do Dom Salvador. Trabalhou com Tim Maia e fez parte &hellip; <a href=\"https:\/\/www.toque-musicall.com\/?p=2155\">Continue lendo <span class=\"meta-nav\">&rarr;<\/span><\/a><\/p>\n","protected":false},"author":1,"featured_media":0,"comment_status":"open","ping_status":"closed","sticky":false,"template":"","format":"standard","meta":{"footnotes":""},"categories":[1956],"tags":[],"class_list":["post-2155","post","type-post","status-publish","format-standard","hentry","category-carlos-dafe"],"_links":{"self":[{"href":"https:\/\/www.toque-musicall.com\/index.php?rest_route=\/wp\/v2\/posts\/2155","targetHints":{"allow":["GET"]}}],"collection":[{"href":"https:\/\/www.toque-musicall.com\/index.php?rest_route=\/wp\/v2\/posts"}],"about":[{"href":"https:\/\/www.toque-musicall.com\/index.php?rest_route=\/wp\/v2\/types\/post"}],"author":[{"embeddable":true,"href":"https:\/\/www.toque-musicall.com\/index.php?rest_route=\/wp\/v2\/users\/1"}],"replies":[{"embeddable":true,"href":"https:\/\/www.toque-musicall.com\/index.php?rest_route=%2Fwp%2Fv2%2Fcomments&post=2155"}],"version-history":[{"count":0,"href":"https:\/\/www.toque-musicall.com\/index.php?rest_route=\/wp\/v2\/posts\/2155\/revisions"}],"wp:attachment":[{"href":"https:\/\/www.toque-musicall.com\/index.php?rest_route=%2Fwp%2Fv2%2Fmedia&parent=2155"}],"wp:term":[{"taxonomy":"category","embeddable":true,"href":"https:\/\/www.toque-musicall.com\/index.php?rest_route=%2Fwp%2Fv2%2Fcategories&post=2155"},{"taxonomy":"post_tag","embeddable":true,"href":"https:\/\/www.toque-musicall.com\/index.php?rest_route=%2Fwp%2Fv2%2Ftags&post=2155"}],"curies":[{"name":"wp","href":"https:\/\/api.w.org\/{rel}","templated":true}]}}