{"id":2160,"date":"2007-08-18T19:56:00","date_gmt":"2007-08-18T19:56:00","guid":{"rendered":"http:\/\/www.toque-musicall.com\/?p=2160"},"modified":"2007-08-18T19:56:00","modified_gmt":"2007-08-18T19:56:00","slug":"alcyr-pires-vermelho-50-anos-de-musica-canta-brasil-1985","status":"publish","type":"post","link":"https:\/\/www.toque-musicall.com\/?p=2160","title":{"rendered":"Alcyr Pires Vermelho &#8211; 50 Anos de M\u00fasica &#8211; Canta Brasil (1985)"},"content":{"rendered":"<p><a href=\"http:\/\/4.bp.blogspot.com\/_DSKVEvHtskc\/RsdR1BZWVxI\/AAAAAAAAAIQ\/0X4p3PAfSpI\/s1600-h\/Alcyr+PV.jpg\"><img decoding=\"async\" id=\"BLOGGER_PHOTO_ID_5100135074370049810\" style=\"DISPLAY: block; MARGIN: 0px auto 10px; CURSOR: hand; TEXT-ALIGN: center\" alt=\"\" src=\"http:\/\/4.bp.blogspot.com\/_DSKVEvHtskc\/RsdR1BZWVxI\/AAAAAAAAAIQ\/0X4p3PAfSpI\/s400\/Alcyr+PV.jpg\" border=\"0\" \/><\/a>A gente, \u00e0s vezes, costuma ouvir o galo cantar, mas sem saber onde. Escutamos m\u00fasicas que nos acompanham ao longo de nossas vidas, cantamos e at\u00e9 falamos delas, mas n\u00e3o tomamos o trabalho de saber quem s\u00e3o os autores. No m\u00e1ximo sabemos quem canta e toca, porque isso \u00e9 inevit\u00e1vel. S\u00f3 mesmo quando nos interessamos por tocar ou cant\u00e1-las \u00e9 que come\u00e7amos a descobrir suas origens. Quando gostamos de m\u00fasica al\u00e9m do &#8220;b\u00e1sico&#8221;. Infelizmente a cultura e mem\u00f3ria musical do nosso povo \u00e9 muito dilu\u00edda. Uma prova disso \u00e9 perguntar, quem sabe quem foi Alcyr Pires Vermelho? Poucas pessoas, al\u00e9m de voc\u00ea, me dir\u00e3o que ele foi um dos grandes compositores que em parceria com figuras como Lamartine Babo, Braguinha, Pedro Caetano, Jair Amorim, entre outros; criaram cl\u00e1ssicos da MPB. N\u00e3o vou entrar em detalhes e deixar que o disco fa\u00e7a isso por mim. A prop\u00f3sito, este disco \u00e9 um \u00e1lbum raro, n\u00e3o-comercial, patrocinado pela Petrobras. Um \u00e1lbum duplo comemorativo com depoimentos e interpreta\u00e7\u00f5es realmente memor\u00e1veis. Canta Brasil!<\/p>\n<div><\/div>\n<div><\/div>\n","protected":false},"excerpt":{"rendered":"<p>A gente, \u00e0s vezes, costuma ouvir o galo cantar, mas sem saber onde. Escutamos m\u00fasicas que nos acompanham ao longo de nossas vidas, cantamos e at\u00e9 falamos delas, mas n\u00e3o tomamos o trabalho de saber quem s\u00e3o os autores. No &hellip; <a href=\"https:\/\/www.toque-musicall.com\/?p=2160\">Continue lendo <span class=\"meta-nav\">&rarr;<\/span><\/a><\/p>\n","protected":false},"author":1,"featured_media":0,"comment_status":"open","ping_status":"closed","sticky":false,"template":"","format":"standard","meta":{"footnotes":""},"categories":[1976],"tags":[],"class_list":["post-2160","post","type-post","status-publish","format-standard","hentry","category-alcyr-pires-vermelho"],"_links":{"self":[{"href":"https:\/\/www.toque-musicall.com\/index.php?rest_route=\/wp\/v2\/posts\/2160","targetHints":{"allow":["GET"]}}],"collection":[{"href":"https:\/\/www.toque-musicall.com\/index.php?rest_route=\/wp\/v2\/posts"}],"about":[{"href":"https:\/\/www.toque-musicall.com\/index.php?rest_route=\/wp\/v2\/types\/post"}],"author":[{"embeddable":true,"href":"https:\/\/www.toque-musicall.com\/index.php?rest_route=\/wp\/v2\/users\/1"}],"replies":[{"embeddable":true,"href":"https:\/\/www.toque-musicall.com\/index.php?rest_route=%2Fwp%2Fv2%2Fcomments&post=2160"}],"version-history":[{"count":0,"href":"https:\/\/www.toque-musicall.com\/index.php?rest_route=\/wp\/v2\/posts\/2160\/revisions"}],"wp:attachment":[{"href":"https:\/\/www.toque-musicall.com\/index.php?rest_route=%2Fwp%2Fv2%2Fmedia&parent=2160"}],"wp:term":[{"taxonomy":"category","embeddable":true,"href":"https:\/\/www.toque-musicall.com\/index.php?rest_route=%2Fwp%2Fv2%2Fcategories&post=2160"},{"taxonomy":"post_tag","embeddable":true,"href":"https:\/\/www.toque-musicall.com\/index.php?rest_route=%2Fwp%2Fv2%2Ftags&post=2160"}],"curies":[{"name":"wp","href":"https:\/\/api.w.org\/{rel}","templated":true}]}}