{"id":2161,"date":"2007-08-18T19:22:00","date_gmt":"2007-08-18T19:22:00","guid":{"rendered":"http:\/\/www.toque-musicall.com\/?p=2161"},"modified":"2007-08-18T19:22:00","modified_gmt":"2007-08-18T19:22:00","slug":"os-classicos-da-velha-guarda-vol-6-1992","status":"publish","type":"post","link":"https:\/\/www.toque-musicall.com\/?p=2161","title":{"rendered":"Os Cl\u00e1ssicos da Velha-Guarda Vol. 6 (1992)"},"content":{"rendered":"<p><a href=\"http:\/\/2.bp.blogspot.com\/_DSKVEvHtskc\/RsdH8hZWVwI\/AAAAAAAAAII\/Vli1sylggoU\/s1600-h\/Os+Classicos.JPG\"><img decoding=\"async\" id=\"BLOGGER_PHOTO_ID_5100124208102790914\" style=\"DISPLAY: block; MARGIN: 0px auto 10px; CURSOR: hand; TEXT-ALIGN: center\" alt=\"\" src=\"http:\/\/2.bp.blogspot.com\/_DSKVEvHtskc\/RsdH8hZWVwI\/AAAAAAAAAII\/Vli1sylggoU\/s400\/Os+Classicos.JPG\" border=\"0\" \/><\/a>Esta \u00e9 uma colet\u00e2nea, lan\u00e7ada em 1992 pela Moto Discos e a gravadora Continental. Uma iniciativa que buscava resgatar a mem\u00f3ria da nossa m\u00fasica atrav\u00e9s de fonogramas raros e antigos. Conforme consta na capa, este seria o volume 6. Eu, nunca vi ou ouvi falar dos outros volumes. (talvez at\u00e9 seja poss\u00edvel encontr\u00e1-los no centro do Rio, no Emp\u00f3rio Musical\/Moto Discos, na rua Sete de Setembro, 163) A sele\u00e7\u00e3o das 25 m\u00fasicas deste disco foi feitas por Francisco Almeida Aguiar (dono da Moto Discos) e traz p\u00e9rolas que at\u00e9 mam\u00e3e ao ouvir, chorou de saudades. S\u00e3o fonogramas realmente raros, mas bastante popular, nas vozes de Dick Farney, M\u00e1rio Reis &#038; Mariah, Paraguassu, Carmem Barbosa, Francisco Alves &#038; Dalva de Oliveira, Carlos Galhardo, Vassourinha e muitos outros. Vale a pena conferir mais um&#8230;<\/p>\n<div><\/div>\n<div><\/div>\n","protected":false},"excerpt":{"rendered":"<p>Esta \u00e9 uma colet\u00e2nea, lan\u00e7ada em 1992 pela Moto Discos e a gravadora Continental. Uma iniciativa que buscava resgatar a mem\u00f3ria da nossa m\u00fasica atrav\u00e9s de fonogramas raros e antigos. Conforme consta na capa, este seria o volume 6. Eu, &hellip; <a href=\"https:\/\/www.toque-musicall.com\/?p=2161\">Continue lendo <span class=\"meta-nav\">&rarr;<\/span><\/a><\/p>\n","protected":false},"author":1,"featured_media":0,"comment_status":"open","ping_status":"closed","sticky":false,"template":"","format":"standard","meta":{"footnotes":""},"categories":[1977,1303],"tags":[],"class_list":["post-2161","post","type-post","status-publish","format-standard","hentry","category-os-classicos-da-velha-guarda","category-variados"],"_links":{"self":[{"href":"https:\/\/www.toque-musicall.com\/index.php?rest_route=\/wp\/v2\/posts\/2161","targetHints":{"allow":["GET"]}}],"collection":[{"href":"https:\/\/www.toque-musicall.com\/index.php?rest_route=\/wp\/v2\/posts"}],"about":[{"href":"https:\/\/www.toque-musicall.com\/index.php?rest_route=\/wp\/v2\/types\/post"}],"author":[{"embeddable":true,"href":"https:\/\/www.toque-musicall.com\/index.php?rest_route=\/wp\/v2\/users\/1"}],"replies":[{"embeddable":true,"href":"https:\/\/www.toque-musicall.com\/index.php?rest_route=%2Fwp%2Fv2%2Fcomments&post=2161"}],"version-history":[{"count":0,"href":"https:\/\/www.toque-musicall.com\/index.php?rest_route=\/wp\/v2\/posts\/2161\/revisions"}],"wp:attachment":[{"href":"https:\/\/www.toque-musicall.com\/index.php?rest_route=%2Fwp%2Fv2%2Fmedia&parent=2161"}],"wp:term":[{"taxonomy":"category","embeddable":true,"href":"https:\/\/www.toque-musicall.com\/index.php?rest_route=%2Fwp%2Fv2%2Fcategories&post=2161"},{"taxonomy":"post_tag","embeddable":true,"href":"https:\/\/www.toque-musicall.com\/index.php?rest_route=%2Fwp%2Fv2%2Ftags&post=2161"}],"curies":[{"name":"wp","href":"https:\/\/api.w.org\/{rel}","templated":true}]}}