{"id":2163,"date":"2007-08-18T11:38:00","date_gmt":"2007-08-18T11:38:00","guid":{"rendered":"http:\/\/www.toque-musicall.com\/?p=2163"},"modified":"2007-08-18T11:38:00","modified_gmt":"2007-08-18T11:38:00","slug":"alcides-gerardi-1968","status":"publish","type":"post","link":"https:\/\/www.toque-musicall.com\/?p=2163","title":{"rendered":"Alcides Gerardi (1968)"},"content":{"rendered":"<p><a href=\"http:\/\/4.bp.blogspot.com\/_DSKVEvHtskc\/RsbbKRZWVsI\/AAAAAAAAAHo\/xToujK8Yi9A\/s1600-h\/Alcides+Gerardi+-+1968+-+Capa+LP(%C3%83%C2%BAnica).jpg\"><img decoding=\"async\" id=\"BLOGGER_PHOTO_ID_5100004597558564546\" style=\"DISPLAY: block; MARGIN: 0px auto 10px; CURSOR: hand; TEXT-ALIGN: center\" alt=\"\" src=\"http:\/\/4.bp.blogspot.com\/_DSKVEvHtskc\/RsbbKRZWVsI\/AAAAAAAAAHo\/xToujK8Yi9A\/s400\/Alcides+Gerardi+-+1968+-+Capa+LP(%C3%BAnica).jpg\" border=\"0\" \/><\/a>Ainda na linha da &#8220;velha-guarda&#8221; e atendendo a um pedido muito especial, estou postando este disquinho aqui que eu mesmo n\u00e3o o conhecia direito. O pouco que sei \u00e9 que o Alcides Gerardi foi um cantor romantico do r\u00e1dio, na linha de tantos outros como o pr\u00f3prio Nelson Gon\u00e7alves e tamb\u00e9m veio do sul. Seus trabalhos mais marcantes s\u00e3o os da d\u00e9cada de 50. Ao longo de sua carreira gravou tamb\u00e9m uma infinidade de discos, na sua maioria bolach\u00f5es de 78rpm. Fazendo uma pesquisa pela rede, n\u00e3o ser\u00e1 dif\u00edcil encontrar informa\u00e7\u00f5es sobre o Alcides. O meu toque inicialmente \u00e9 o <a href=\"http:\/\/www.dicionariompb.com.br\/verbete.asp?nome=Alcides+Gerardi&#038;tabela=T_FORM_A\">Dicion\u00e1rio Cravo Albin de MPB<\/a>. Doralice, vai l\u00e1 que tem&#8230;<\/p>\n<div><\/div>\n<div><\/div>\n<div><\/div>\n","protected":false},"excerpt":{"rendered":"<p>Ainda na linha da &#8220;velha-guarda&#8221; e atendendo a um pedido muito especial, estou postando este disquinho aqui que eu mesmo n\u00e3o o conhecia direito. O pouco que sei \u00e9 que o Alcides Gerardi foi um cantor romantico do r\u00e1dio, na &hellip; <a href=\"https:\/\/www.toque-musicall.com\/?p=2163\">Continue lendo <span class=\"meta-nav\">&rarr;<\/span><\/a><\/p>\n","protected":false},"author":1,"featured_media":0,"comment_status":"open","ping_status":"closed","sticky":false,"template":"","format":"standard","meta":{"footnotes":""},"categories":[114],"tags":[],"class_list":["post-2163","post","type-post","status-publish","format-standard","hentry","category-alcides-gerardi"],"_links":{"self":[{"href":"https:\/\/www.toque-musicall.com\/index.php?rest_route=\/wp\/v2\/posts\/2163","targetHints":{"allow":["GET"]}}],"collection":[{"href":"https:\/\/www.toque-musicall.com\/index.php?rest_route=\/wp\/v2\/posts"}],"about":[{"href":"https:\/\/www.toque-musicall.com\/index.php?rest_route=\/wp\/v2\/types\/post"}],"author":[{"embeddable":true,"href":"https:\/\/www.toque-musicall.com\/index.php?rest_route=\/wp\/v2\/users\/1"}],"replies":[{"embeddable":true,"href":"https:\/\/www.toque-musicall.com\/index.php?rest_route=%2Fwp%2Fv2%2Fcomments&post=2163"}],"version-history":[{"count":0,"href":"https:\/\/www.toque-musicall.com\/index.php?rest_route=\/wp\/v2\/posts\/2163\/revisions"}],"wp:attachment":[{"href":"https:\/\/www.toque-musicall.com\/index.php?rest_route=%2Fwp%2Fv2%2Fmedia&parent=2163"}],"wp:term":[{"taxonomy":"category","embeddable":true,"href":"https:\/\/www.toque-musicall.com\/index.php?rest_route=%2Fwp%2Fv2%2Fcategories&post=2163"},{"taxonomy":"post_tag","embeddable":true,"href":"https:\/\/www.toque-musicall.com\/index.php?rest_route=%2Fwp%2Fv2%2Ftags&post=2163"}],"curies":[{"name":"wp","href":"https:\/\/api.w.org\/{rel}","templated":true}]}}