{"id":2170,"date":"2007-08-15T04:50:00","date_gmt":"2007-08-15T04:50:00","guid":{"rendered":"http:\/\/www.toque-musicall.com\/?p=2170"},"modified":"2007-08-15T04:50:00","modified_gmt":"2007-08-15T04:50:00","slug":"ademilde-fonseca-a-la-miranda-1958","status":"publish","type":"post","link":"https:\/\/www.toque-musicall.com\/?p=2170","title":{"rendered":"Ademilde Fonseca &#8211; \u00c0 La Miranda (1958)"},"content":{"rendered":"<p><a href=\"http:\/\/3.bp.blogspot.com\/_DSKVEvHtskc\/RsKGq_5fBqI\/AAAAAAAAAHA\/FYq0Kro7hpI\/s1600-h\/Ademilde.jpg\"><img decoding=\"async\" id=\"BLOGGER_PHOTO_ID_5098785801401992866\" style=\"DISPLAY: block; MARGIN: 0px auto 10px; CURSOR: hand; TEXT-ALIGN: center\" alt=\"\" src=\"http:\/\/3.bp.blogspot.com\/_DSKVEvHtskc\/RsKGq_5fBqI\/AAAAAAAAAHA\/FYq0Kro7hpI\/s400\/Ademilde.jpg\" border=\"0\" \/><\/a>Ademilde Fonseca \u00e9 considerada a Rainha do Choro. Suas interpreta\u00e7\u00f5es nesse g\u00eanero fizeram dela uma das vozes femininas de maior prestigio. Neste disco de 1958 ela faz uma re-leitura de algumas can\u00e7\u00f5es que fizeram sucesso na voz de Carmem Miranda. Aqui para n\u00f3s, a Carmem era a Carmem, mas a Ademilde \u00e9 realmente sensacional. Escutem este disco e tirem suas conclus\u00f5es&#8230;<\/p>\n<div><\/div>\n<div><\/div>\n","protected":false},"excerpt":{"rendered":"<p>Ademilde Fonseca \u00e9 considerada a Rainha do Choro. Suas interpreta\u00e7\u00f5es nesse g\u00eanero fizeram dela uma das vozes femininas de maior prestigio. Neste disco de 1958 ela faz uma re-leitura de algumas can\u00e7\u00f5es que fizeram sucesso na voz de Carmem Miranda. &hellip; <a href=\"https:\/\/www.toque-musicall.com\/?p=2170\">Continue lendo <span class=\"meta-nav\">&rarr;<\/span><\/a><\/p>\n","protected":false},"author":1,"featured_media":0,"comment_status":"open","ping_status":"closed","sticky":false,"template":"","format":"standard","meta":{"footnotes":""},"categories":[124],"tags":[],"class_list":["post-2170","post","type-post","status-publish","format-standard","hentry","category-ademilde-fonseca"],"_links":{"self":[{"href":"https:\/\/www.toque-musicall.com\/index.php?rest_route=\/wp\/v2\/posts\/2170","targetHints":{"allow":["GET"]}}],"collection":[{"href":"https:\/\/www.toque-musicall.com\/index.php?rest_route=\/wp\/v2\/posts"}],"about":[{"href":"https:\/\/www.toque-musicall.com\/index.php?rest_route=\/wp\/v2\/types\/post"}],"author":[{"embeddable":true,"href":"https:\/\/www.toque-musicall.com\/index.php?rest_route=\/wp\/v2\/users\/1"}],"replies":[{"embeddable":true,"href":"https:\/\/www.toque-musicall.com\/index.php?rest_route=%2Fwp%2Fv2%2Fcomments&post=2170"}],"version-history":[{"count":0,"href":"https:\/\/www.toque-musicall.com\/index.php?rest_route=\/wp\/v2\/posts\/2170\/revisions"}],"wp:attachment":[{"href":"https:\/\/www.toque-musicall.com\/index.php?rest_route=%2Fwp%2Fv2%2Fmedia&parent=2170"}],"wp:term":[{"taxonomy":"category","embeddable":true,"href":"https:\/\/www.toque-musicall.com\/index.php?rest_route=%2Fwp%2Fv2%2Fcategories&post=2170"},{"taxonomy":"post_tag","embeddable":true,"href":"https:\/\/www.toque-musicall.com\/index.php?rest_route=%2Fwp%2Fv2%2Ftags&post=2170"}],"curies":[{"name":"wp","href":"https:\/\/api.w.org\/{rel}","templated":true}]}}