{"id":218,"date":"2011-12-10T16:04:00","date_gmt":"2011-12-10T16:04:00","guid":{"rendered":"http:\/\/www.toque-musicall.com\/?p=218"},"modified":"2011-12-10T16:04:00","modified_gmt":"2011-12-10T16:04:00","slug":"fm-stereo-discos-4-e-5-1983","status":"publish","type":"post","link":"https:\/\/www.toque-musicall.com\/?p=218","title":{"rendered":"FM St\u00e9reo &#8211; Discos 4 e 5 (1983)"},"content":{"rendered":"<p><a href=\"http:\/\/2.bp.blogspot.com\/-L6ydppUe--0\/TuOFDx9tDFI\/AAAAAAAAAsM\/Wh4uH-HX56s\/s1600\/folder.jpg\"><img decoding=\"async\" style=\"display:block; margin:0px auto 10px; text-align:center;cursor:pointer; cursor:hand;width: 400px; height: 400px;\" src=\"http:\/\/2.bp.blogspot.com\/-L6ydppUe--0\/TuOFDx9tDFI\/AAAAAAAAAsM\/Wh4uH-HX56s\/s400\/folder.jpg\" border=\"0\" alt=\"\" id=\"BLOGGER_PHOTO_ID_5684533454669941842\" \/><\/a><a href=\"http:\/\/2.bp.blogspot.com\/-pIzPaSLQkJU\/TuOE9AScv0I\/AAAAAAAAAsA\/WajwXhlhEds\/s1600\/folder.jpg\"><img decoding=\"async\" style=\"display:block; margin:0px auto 10px; text-align:center;cursor:pointer; cursor:hand;width: 400px; height: 400px;\" src=\"http:\/\/2.bp.blogspot.com\/-pIzPaSLQkJU\/TuOE9AScv0I\/AAAAAAAAAsA\/WajwXhlhEds\/s400\/folder.jpg\" border=\"0\" alt=\"\" id=\"BLOGGER_PHOTO_ID_5684533338255966018\" \/><\/a>Boa tarde, amigos cultos e ocultos! Dando continuidade \u00e0s postagens da caixa do selo Fontana, &#8220;FM St\u00e9reo&#8221;, aqui v\u00e3o mais dois discos desta gostosa sele\u00e7\u00e3o. Fica faltando agora o n\u00famero 6 para fecharmos tudo. Embora dezembro seja um m\u00eas imprevis\u00edvel, vou procurar post\u00e1-lo no pr\u00f3ximo s\u00e1bado, ok? Nestes dois lps vamos continuar um encontro com os &#8216;medalh\u00f5es&#8217;, artistas e m\u00fasicas bem conhecidas por todos, o que para mim, \u00e9 \u00f3timo, pois me poupa o longo sacrif\u00edcio de estar aqui de frente ao computador, quando eu poderia estar deitado, debaixo do cobertor, tentando acalmar esse meu resfriado. Putz, voc\u00eas n\u00e3o fazem ideia do baga\u00e7o em que eu estou. <\/p>\n<div>V\u00e3o da\u00ed, que eu de c\u00e1 j\u00e1 vou novamente me deitar&#8230;<\/div>\n<div><\/div>\n<div style=\"text-align: center;\">Disco 4<\/div>\n<div style=\"text-align: center;\">gente humilde &#8211; chico buarque<\/div>\n<div style=\"text-align: center;\">hoje &#8211; claudette soares<\/div>\n<div style=\"text-align: center;\">dengo da bahia &#8211; dominguinhos<\/div>\n<div style=\"text-align: center;\">olhe o tempo passando &#8211; maria bethania<\/div>\n<div style=\"text-align: center;\">mucuripe &#8211; fagner<\/div>\n<div style=\"text-align: center;\">can\u00e7\u00e3o da volta &#8211; faf\u00e1 de bel\u00e9m<\/div>\n<div style=\"text-align: center;\">as praias desertas &#8211; mpb-4<\/div>\n<div style=\"text-align: center;\">asa branca &#8211; quinteto violado<\/div>\n<div style=\"text-align: center;\">da cor do pecado &#8211; elis regina<\/div>\n<div style=\"text-align: center;\">s\u00f3 chor quando estou alegre &#8211; carlos lyra<\/div>\n<div style=\"text-align: center;\">luto &#8211; mar\u00edlia medalha<\/div>\n<div style=\"text-align: center;\">can\u00e7\u00e3o do amanhecer &#8211; edu lobo<\/div>\n<div style=\"text-align: center;\">pra machucar meu cora\u00e7\u00e3o &#8211; m\u00e1rcia<\/div>\n<div style=\"text-align: center;\">lua cheia &#8211; quarteto em cy<\/div>\n<div style=\"text-align: center;\"><\/div>\n<div style=\"text-align: center;\">Disco 5<\/div>\n<div style=\"text-align: center;\">ligia &#8211; chico buarque<\/div>\n<div style=\"text-align: center;\">com a\u00e7ucar e com afeto &#8211; nara le\u00e3o<\/div>\n<div style=\"text-align: center;\">tet\u00ea &#8211; l\u00facio alves<\/div>\n<div style=\"text-align: center;\">dindi &#8211; sylvia telles<\/div>\n<div style=\"text-align: center;\">e da\u00ed &#8211; jards macal\u00e9<\/div>\n<div style=\"text-align: center;\">imagem &#8211; tamba trio<\/div>\n<div style=\"text-align: center;\">domingas &#8211; jorge ben<\/div>\n<div style=\"text-align: center;\">cora\u00e7\u00e3o ateu &#8211; maria bethania<\/div>\n<div style=\"text-align: center;\">meu mar &#8211; erasmo carlos<\/div>\n<div style=\"text-align: center;\">voc\u00ea &#8211; dick farney e norma benguell<\/div>\n<div style=\"text-align: center;\">folha seca &#8211; sergio ricardo<\/div>\n<div style=\"text-align: center;\">segredo &#8211; quarteto em cy<\/div>\n<div style=\"text-align: center;\">a lua e eu \/ juventude transviada &#8211; emilio santiago<\/div>\n<div style=\"text-align: center;\">onde anda voc\u00ea &#8211; toquinho e vin\u00edcius<\/div>\n<div style=\"text-align: center;\"><\/div>\n<div style=\"text-align: center;\"><\/div>\n<div style=\"text-align: center;\"> <\/div>\n","protected":false},"excerpt":{"rendered":"<p>Boa tarde, amigos cultos e ocultos! Dando continuidade \u00e0s postagens da caixa do selo Fontana, &#8220;FM St\u00e9reo&#8221;, aqui v\u00e3o mais dois discos desta gostosa sele\u00e7\u00e3o. Fica faltando agora o n\u00famero 6 para fecharmos tudo. Embora dezembro seja um m\u00eas imprevis\u00edvel, &hellip; <a href=\"https:\/\/www.toque-musicall.com\/?p=218\">Continue lendo <span class=\"meta-nav\">&rarr;<\/span><\/a><\/p>\n","protected":false},"author":1,"featured_media":0,"comment_status":"open","ping_status":"closed","sticky":false,"template":"","format":"standard","meta":{"footnotes":""},"categories":[383,382],"tags":[],"class_list":["post-218","post","type-post","status-publish","format-standard","hentry","category-fm-stereo","category-selo-fontana"],"_links":{"self":[{"href":"https:\/\/www.toque-musicall.com\/index.php?rest_route=\/wp\/v2\/posts\/218","targetHints":{"allow":["GET"]}}],"collection":[{"href":"https:\/\/www.toque-musicall.com\/index.php?rest_route=\/wp\/v2\/posts"}],"about":[{"href":"https:\/\/www.toque-musicall.com\/index.php?rest_route=\/wp\/v2\/types\/post"}],"author":[{"embeddable":true,"href":"https:\/\/www.toque-musicall.com\/index.php?rest_route=\/wp\/v2\/users\/1"}],"replies":[{"embeddable":true,"href":"https:\/\/www.toque-musicall.com\/index.php?rest_route=%2Fwp%2Fv2%2Fcomments&post=218"}],"version-history":[{"count":0,"href":"https:\/\/www.toque-musicall.com\/index.php?rest_route=\/wp\/v2\/posts\/218\/revisions"}],"wp:attachment":[{"href":"https:\/\/www.toque-musicall.com\/index.php?rest_route=%2Fwp%2Fv2%2Fmedia&parent=218"}],"wp:term":[{"taxonomy":"category","embeddable":true,"href":"https:\/\/www.toque-musicall.com\/index.php?rest_route=%2Fwp%2Fv2%2Fcategories&post=218"},{"taxonomy":"post_tag","embeddable":true,"href":"https:\/\/www.toque-musicall.com\/index.php?rest_route=%2Fwp%2Fv2%2Ftags&post=218"}],"curies":[{"name":"wp","href":"https:\/\/api.w.org\/{rel}","templated":true}]}}