{"id":2181,"date":"2007-08-11T02:44:00","date_gmt":"2007-08-11T02:44:00","guid":{"rendered":"http:\/\/www.toque-musicall.com\/?p=2181"},"modified":"2007-08-11T02:44:00","modified_gmt":"2007-08-11T02:44:00","slug":"paulinho-da-viola-elton-medeiros-samba-na-madrugada-1968","status":"publish","type":"post","link":"https:\/\/www.toque-musicall.com\/?p=2181","title":{"rendered":"Paulinho da Viola &#038; Elton Medeiros &#8211; Samba Na Madrugada (1968)"},"content":{"rendered":"<p><a href=\"http:\/\/1.bp.blogspot.com\/_DSKVEvHtskc\/Rr0nxv5fBeI\/AAAAAAAAAFg\/zZd2uIWTg0U\/s1600-h\/paulinho+e+elton+-+samba+na+madrugada.jpg\"><img decoding=\"async\" id=\"BLOGGER_PHOTO_ID_5097274088877917666\" style=\"DISPLAY: block; MARGIN: 0px auto 10px; CURSOR: hand; TEXT-ALIGN: center\" alt=\"\" src=\"http:\/\/1.bp.blogspot.com\/_DSKVEvHtskc\/Rr0nxv5fBeI\/AAAAAAAAAFg\/zZd2uIWTg0U\/s400\/paulinho+e+elton+-+samba+na+madrugada.jpg\" border=\"0\" \/><\/a>&#8220;Samba na madrugada&#8221; \u00e9 outro cl\u00e1ssico que eu n\u00e3o poderia deixar de postar. J\u00e1 foi bem divulgado em outros blogs e agora \u00e9 a minha vez. O disco traz p\u00e9rolas como &#8220;Minhas madrugadas&#8221;, &#8220;14 anos&#8221;, &#8220;O sol nascer\u00e1&#8221;&#8230; O \u00e1lbum foi produzido por Ermilio Bello de Carvalho que j\u00e1 havia trabalhado com eles no show Rosa de Ouro. Tem participa\u00e7\u00e3o de Dinho Sete-Cordas, Canhoto, Copinha e Raul de Barros. Precisa dizer mais alguma coisa? Melhor ouvir.<\/p>\n<div><\/div>\n<div><\/div>\n","protected":false},"excerpt":{"rendered":"<p>&#8220;Samba na madrugada&#8221; \u00e9 outro cl\u00e1ssico que eu n\u00e3o poderia deixar de postar. J\u00e1 foi bem divulgado em outros blogs e agora \u00e9 a minha vez. O disco traz p\u00e9rolas como &#8220;Minhas madrugadas&#8221;, &#8220;14 anos&#8221;, &#8220;O sol nascer\u00e1&#8221;&#8230; O \u00e1lbum &hellip; <a href=\"https:\/\/www.toque-musicall.com\/?p=2181\">Continue lendo <span class=\"meta-nav\">&rarr;<\/span><\/a><\/p>\n","protected":false},"author":1,"featured_media":0,"comment_status":"open","ping_status":"closed","sticky":false,"template":"","format":"standard","meta":{"footnotes":""},"categories":[525,542],"tags":[],"class_list":["post-2181","post","type-post","status-publish","format-standard","hentry","category-elton-medeiros","category-paulinho-da-viola"],"_links":{"self":[{"href":"https:\/\/www.toque-musicall.com\/index.php?rest_route=\/wp\/v2\/posts\/2181","targetHints":{"allow":["GET"]}}],"collection":[{"href":"https:\/\/www.toque-musicall.com\/index.php?rest_route=\/wp\/v2\/posts"}],"about":[{"href":"https:\/\/www.toque-musicall.com\/index.php?rest_route=\/wp\/v2\/types\/post"}],"author":[{"embeddable":true,"href":"https:\/\/www.toque-musicall.com\/index.php?rest_route=\/wp\/v2\/users\/1"}],"replies":[{"embeddable":true,"href":"https:\/\/www.toque-musicall.com\/index.php?rest_route=%2Fwp%2Fv2%2Fcomments&post=2181"}],"version-history":[{"count":0,"href":"https:\/\/www.toque-musicall.com\/index.php?rest_route=\/wp\/v2\/posts\/2181\/revisions"}],"wp:attachment":[{"href":"https:\/\/www.toque-musicall.com\/index.php?rest_route=%2Fwp%2Fv2%2Fmedia&parent=2181"}],"wp:term":[{"taxonomy":"category","embeddable":true,"href":"https:\/\/www.toque-musicall.com\/index.php?rest_route=%2Fwp%2Fv2%2Fcategories&post=2181"},{"taxonomy":"post_tag","embeddable":true,"href":"https:\/\/www.toque-musicall.com\/index.php?rest_route=%2Fwp%2Fv2%2Ftags&post=2181"}],"curies":[{"name":"wp","href":"https:\/\/api.w.org\/{rel}","templated":true}]}}