{"id":2184,"date":"2007-08-08T02:46:00","date_gmt":"2007-08-08T05:46:00","guid":{"rendered":"http:\/\/www.toque-musicall.com\/?p=2184"},"modified":"2021-01-10T10:22:30","modified_gmt":"2021-01-10T13:22:30","slug":"paulo-cesar-pinheiro-eduardo-gudin-marcia-o-importante-e-que-a-nossa-emocao-sobreviva","status":"publish","type":"post","link":"https:\/\/www.toque-musicall.com\/?p=2184","title":{"rendered":"Paulo Cesar Pinheiro, Eduardo Gudin &#038; Marcia &#8211; O Importante \u00c9 Que A Nossa Emo\u00e7\u00e3o Sobreviva"},"content":{"rendered":"<p><a href=\"http:\/\/2.bp.blogspot.com\/_DSKVEvHtskc\/RrxDLP5fBcI\/AAAAAAAAAFQ\/D1e_nAPyFpc\/s1600-h\/paulo+cesar+pinheiro.JPG\"><img decoding=\"async\" id=\"BLOGGER_PHOTO_ID_5097022738801821122\" style=\"DISPLAY: block; MARGIN: 0px auto 10px; CURSOR: hand; TEXT-ALIGN: center\" alt=\"\" src=\"http:\/\/2.bp.blogspot.com\/_DSKVEvHtskc\/RrxDLP5fBcI\/AAAAAAAAAFQ\/D1e_nAPyFpc\/s400\/paulo+cesar+pinheiro.JPG\" border=\"0\" \/><\/a>Mais uma contribui\u00e7\u00e3o para o Toque Musical, aqui em dose dupla. &#8220;O importante \u00e9 que a nossa emo\u00e7\u00e3o sobreviva&#8221; 1 e 2. Originalmente eles foram lan\u00e7ados em separados, um em 1975 e outro em 76. Na edi\u00e7\u00e3o em cd, para a nossa felicidade, os dois vieram juntos (oba!). Para os que n\u00e3o sabem, trata-se de um registro ao vivo, uma sele\u00e7\u00e3o de shows realizados no Rio e em SP no in\u00edcio dos anos 70. PC Pinheiro \u00e9 genial, al\u00e9m de um grande poeta, tem aquela voz do Nelson Cavaquinho. Ali\u00e1s, em shows, ele se apresenta com filho do Nelson. Embora n\u00e3o seja, tem tudo a ver. No \u00e1lbum aqui apresentado ele faz um breve coment\u00e1rio sobre seu suposto parentesco com Nelson Cavaquinhho. Este \u00e9 mais um registro sonoro que n\u00e3o pode faltar em uma discoteca b\u00e1sica de MPB. Vamos ouvir?<\/p>\n<div><\/div>\n<div><\/div>\n","protected":false},"excerpt":{"rendered":"<p>Mais uma contribui\u00e7\u00e3o para o Toque Musical, aqui em dose dupla. &#8220;O importante \u00e9 que a nossa emo\u00e7\u00e3o sobreviva&#8221; 1 e 2. Originalmente eles foram lan\u00e7ados em separados, um em 1975 e outro em 76. Na edi\u00e7\u00e3o em cd, para &hellip; <a href=\"https:\/\/www.toque-musicall.com\/?p=2184\">Continue lendo <span class=\"meta-nav\">&rarr;<\/span><\/a><\/p>\n","protected":false},"author":1,"featured_media":0,"comment_status":"closed","ping_status":"closed","sticky":false,"template":"","format":"standard","meta":{"footnotes":""},"categories":[1971,491,1562,86],"tags":[4217,3337,4216,3153],"class_list":["post-2184","post","type-post","status-publish","format-standard","hentry","category-eduardo-gudin","category-marcia","category-paulo-cesar-pinheiro","category-selo-odeon","tag-eduardo-gudin","tag-marcia","tag-paulo-cesar-pinheiro","tag-selo-odeon"],"_links":{"self":[{"href":"https:\/\/www.toque-musicall.com\/index.php?rest_route=\/wp\/v2\/posts\/2184","targetHints":{"allow":["GET"]}}],"collection":[{"href":"https:\/\/www.toque-musicall.com\/index.php?rest_route=\/wp\/v2\/posts"}],"about":[{"href":"https:\/\/www.toque-musicall.com\/index.php?rest_route=\/wp\/v2\/types\/post"}],"author":[{"embeddable":true,"href":"https:\/\/www.toque-musicall.com\/index.php?rest_route=\/wp\/v2\/users\/1"}],"replies":[{"embeddable":true,"href":"https:\/\/www.toque-musicall.com\/index.php?rest_route=%2Fwp%2Fv2%2Fcomments&post=2184"}],"version-history":[{"count":1,"href":"https:\/\/www.toque-musicall.com\/index.php?rest_route=\/wp\/v2\/posts\/2184\/revisions"}],"predecessor-version":[{"id":8148,"href":"https:\/\/www.toque-musicall.com\/index.php?rest_route=\/wp\/v2\/posts\/2184\/revisions\/8148"}],"wp:attachment":[{"href":"https:\/\/www.toque-musicall.com\/index.php?rest_route=%2Fwp%2Fv2%2Fmedia&parent=2184"}],"wp:term":[{"taxonomy":"category","embeddable":true,"href":"https:\/\/www.toque-musicall.com\/index.php?rest_route=%2Fwp%2Fv2%2Fcategories&post=2184"},{"taxonomy":"post_tag","embeddable":true,"href":"https:\/\/www.toque-musicall.com\/index.php?rest_route=%2Fwp%2Fv2%2Ftags&post=2184"}],"curies":[{"name":"wp","href":"https:\/\/api.w.org\/{rel}","templated":true}]}}