{"id":2185,"date":"2007-08-08T02:40:00","date_gmt":"2007-08-08T05:40:00","guid":{"rendered":"http:\/\/www.toque-musicall.com\/?p=2185"},"modified":"2021-01-10T10:21:34","modified_gmt":"2021-01-10T13:21:34","slug":"rosa-de-ouro-ii-hermilio-bello-de-carvalho-1967","status":"publish","type":"post","link":"https:\/\/www.toque-musicall.com\/?p=2185","title":{"rendered":"Rosa de Ouro II &#8211; Hermilio Bello de Carvalho (1967)"},"content":{"rendered":"<p><a href=\"http:\/\/1.bp.blogspot.com\/_DSKVEvHtskc\/Sf2vNgc3CyI\/AAAAAAAADz0\/F6aNHuH4YOA\/s1600-h\/rosa+de+ouro+2+P.JPG\"><img decoding=\"async\" id=\"BLOGGER_PHOTO_ID_5331610180460677922\" style=\"DISPLAY: block; MARGIN: 0px auto 10px; WIDTH: 400px; CURSOR: hand; HEIGHT: 396px; TEXT-ALIGN: center\" alt=\"\" src=\"http:\/\/1.bp.blogspot.com\/_DSKVEvHtskc\/Sf2vNgc3CyI\/AAAAAAAADz0\/F6aNHuH4YOA\/s400\/rosa+de+ouro+2+P.JPG\" border=\"0\" \/><\/a>O segundo Rosa de Ouro n\u00e3o foi diferente em brilho e grandeza do primeiro. Parece que um completa o outro. Viva Hermilio Bello de Carvalho! Esse cara \u00e9 o bicho! O estrategista do samba. Neste n\u00famero dois est\u00e3o presentes al\u00e9m de Clementina e Aracy, Paulinho da Viola, Elton Medeiros, Anescarzinho do Salgueiro, Jair do Cavaco e Nelson Sargento. Mais um grande disco que, por honra, eu n\u00e3o poderia deixar de postar aqui no Toque Musical.<\/p>\n<div><\/p>\n<div> <\/div>\n<div align=\"center\">e a rosa voltou \/ rosa de ouro \/ quatro crioulos \/ c\u00e2ntico a natureza<\/div>\n<div align=\"center\">isso \u00e9 que \u00e9 viver<\/div>\n<div align=\"center\">flor do l\u00f4do<\/div>\n<div align=\"center\">a harmonia das flores<\/div>\n<div align=\"center\">francesa no morro<\/div>\n<div align=\"center\">palmares \/ psiquiatra<\/div>\n<div align=\"center\">degraus da vida \/ mulher fingida \/ o que ser\u00e1 de mim \/ <\/div>\n<div align=\"center\">que samba bom \/ s\u00f3 pra chatear<\/div>\n<div align=\"center\">dona maria devagar \/ clementina cad\u00ea voc\u00ea \/ santa barbara<\/div>\n<div align=\"center\">mulato calado<\/div>\n<div align=\"center\">minha vontade<\/div>\n<div align=\"center\">quem sabe um dia? \/ rosa de ouro<\/div>\n<div align=\"center\"><\/div>\n<div align=\"center\"><\/div>\n<div align=\"center\"> <\/div>\n<div align=\"center\"> <\/div>\n<\/div>\n","protected":false},"excerpt":{"rendered":"<p>O segundo Rosa de Ouro n\u00e3o foi diferente em brilho e grandeza do primeiro. Parece que um completa o outro. Viva Hermilio Bello de Carvalho! Esse cara \u00e9 o bicho! O estrategista do samba. Neste n\u00famero dois est\u00e3o presentes al\u00e9m &hellip; <a href=\"https:\/\/www.toque-musicall.com\/?p=2185\">Continue lendo <span class=\"meta-nav\">&rarr;<\/span><\/a><\/p>\n","protected":false},"author":1,"featured_media":0,"comment_status":"closed","ping_status":"closed","sticky":false,"template":"","format":"standard","meta":{"footnotes":""},"categories":[1981,86],"tags":[4218,3153],"class_list":["post-2185","post","type-post","status-publish","format-standard","hentry","category-rosa-de-ouro","category-selo-odeon","tag-rosa-de-ouro","tag-selo-odeon"],"_links":{"self":[{"href":"https:\/\/www.toque-musicall.com\/index.php?rest_route=\/wp\/v2\/posts\/2185","targetHints":{"allow":["GET"]}}],"collection":[{"href":"https:\/\/www.toque-musicall.com\/index.php?rest_route=\/wp\/v2\/posts"}],"about":[{"href":"https:\/\/www.toque-musicall.com\/index.php?rest_route=\/wp\/v2\/types\/post"}],"author":[{"embeddable":true,"href":"https:\/\/www.toque-musicall.com\/index.php?rest_route=\/wp\/v2\/users\/1"}],"replies":[{"embeddable":true,"href":"https:\/\/www.toque-musicall.com\/index.php?rest_route=%2Fwp%2Fv2%2Fcomments&post=2185"}],"version-history":[{"count":1,"href":"https:\/\/www.toque-musicall.com\/index.php?rest_route=\/wp\/v2\/posts\/2185\/revisions"}],"predecessor-version":[{"id":8149,"href":"https:\/\/www.toque-musicall.com\/index.php?rest_route=\/wp\/v2\/posts\/2185\/revisions\/8149"}],"wp:attachment":[{"href":"https:\/\/www.toque-musicall.com\/index.php?rest_route=%2Fwp%2Fv2%2Fmedia&parent=2185"}],"wp:term":[{"taxonomy":"category","embeddable":true,"href":"https:\/\/www.toque-musicall.com\/index.php?rest_route=%2Fwp%2Fv2%2Fcategories&post=2185"},{"taxonomy":"post_tag","embeddable":true,"href":"https:\/\/www.toque-musicall.com\/index.php?rest_route=%2Fwp%2Fv2%2Ftags&post=2185"}],"curies":[{"name":"wp","href":"https:\/\/api.w.org\/{rel}","templated":true}]}}