{"id":2186,"date":"2007-08-08T02:30:00","date_gmt":"2007-08-08T05:30:00","guid":{"rendered":"http:\/\/www.toque-musicall.com\/?p=2186"},"modified":"2021-01-10T10:20:54","modified_gmt":"2021-01-10T13:20:54","slug":"rosa-de-ouro-aracy-cortes-e-clementina-de-jesus-1965","status":"publish","type":"post","link":"https:\/\/www.toque-musicall.com\/?p=2186","title":{"rendered":"Rosa de Ouro &#8211; Aracy Cortes e Clementina de Jesus (1965)"},"content":{"rendered":"<p><a href=\"http:\/\/1.bp.blogspot.com\/_DSKVEvHtskc\/RrqUtf5fBZI\/AAAAAAAAAE4\/dodcTpioXEE\/s1600-h\/clementinarosadeouro.jpg\"><img decoding=\"async\" id=\"BLOGGER_PHOTO_ID_5096549437700769170\" style=\"DISPLAY: block; MARGIN: 0px auto 10px; CURSOR: hand; TEXT-ALIGN: center\" alt=\"\" src=\"http:\/\/1.bp.blogspot.com\/_DSKVEvHtskc\/RrqUtf5fBZI\/AAAAAAAAAE4\/dodcTpioXEE\/s400\/clementinarosadeouro.jpg\" border=\"0\" \/><\/a> Esta \u00e9 a trilha sonora de um espet\u00e1culo que marcou \u00e9poca, apresentado no Teatro Jovem do Rio de Janeiro e dirigido por Herm\u00ednio Bello de Carvalho. O musical e lp apresentaram para o grande p\u00fablico Clementina de Jesus e o samba de partido alto. O sucesso desse trabalho acabou gerando uma segunda edi\u00e7\u00e3o dois anos depois, o Rosa de Ouro II. Por enquanto vamos curtir essa j\u00f3ia, depois falamos do segundo (e tamb\u00e9m maravilhoso) \u00e1lbum. Foi re-lan\u00e7ado em CD, mas claro que j\u00e1 est\u00e1 fora de cat\u00e1logo.<\/p>\n<div><\/div>\n<div><\/div>\n","protected":false},"excerpt":{"rendered":"<p>Esta \u00e9 a trilha sonora de um espet\u00e1culo que marcou \u00e9poca, apresentado no Teatro Jovem do Rio de Janeiro e dirigido por Herm\u00ednio Bello de Carvalho. O musical e lp apresentaram para o grande p\u00fablico Clementina de Jesus e o &hellip; <a href=\"https:\/\/www.toque-musicall.com\/?p=2186\">Continue lendo <span class=\"meta-nav\">&rarr;<\/span><\/a><\/p>\n","protected":false},"author":1,"featured_media":0,"comment_status":"open","ping_status":"closed","sticky":false,"template":"","format":"standard","meta":{"footnotes":""},"categories":[1981,86],"tags":[4219,3235,4218,3153],"class_list":["post-2186","post","type-post","status-publish","format-standard","hentry","category-rosa-de-ouro","category-selo-odeon","tag-aracy-cortes","tag-clementina-de-jesus","tag-rosa-de-ouro","tag-selo-odeon"],"_links":{"self":[{"href":"https:\/\/www.toque-musicall.com\/index.php?rest_route=\/wp\/v2\/posts\/2186","targetHints":{"allow":["GET"]}}],"collection":[{"href":"https:\/\/www.toque-musicall.com\/index.php?rest_route=\/wp\/v2\/posts"}],"about":[{"href":"https:\/\/www.toque-musicall.com\/index.php?rest_route=\/wp\/v2\/types\/post"}],"author":[{"embeddable":true,"href":"https:\/\/www.toque-musicall.com\/index.php?rest_route=\/wp\/v2\/users\/1"}],"replies":[{"embeddable":true,"href":"https:\/\/www.toque-musicall.com\/index.php?rest_route=%2Fwp%2Fv2%2Fcomments&post=2186"}],"version-history":[{"count":1,"href":"https:\/\/www.toque-musicall.com\/index.php?rest_route=\/wp\/v2\/posts\/2186\/revisions"}],"predecessor-version":[{"id":8150,"href":"https:\/\/www.toque-musicall.com\/index.php?rest_route=\/wp\/v2\/posts\/2186\/revisions\/8150"}],"wp:attachment":[{"href":"https:\/\/www.toque-musicall.com\/index.php?rest_route=%2Fwp%2Fv2%2Fmedia&parent=2186"}],"wp:term":[{"taxonomy":"category","embeddable":true,"href":"https:\/\/www.toque-musicall.com\/index.php?rest_route=%2Fwp%2Fv2%2Fcategories&post=2186"},{"taxonomy":"post_tag","embeddable":true,"href":"https:\/\/www.toque-musicall.com\/index.php?rest_route=%2Fwp%2Fv2%2Ftags&post=2186"}],"curies":[{"name":"wp","href":"https:\/\/api.w.org\/{rel}","templated":true}]}}