{"id":2189,"date":"2007-08-06T02:45:00","date_gmt":"2007-08-06T05:45:00","guid":{"rendered":"http:\/\/www.toque-musicall.com\/?p=2189"},"modified":"2021-01-10T10:23:49","modified_gmt":"2021-01-10T13:23:49","slug":"martinho-da-vila-1969","status":"publish","type":"post","link":"https:\/\/www.toque-musicall.com\/?p=2189","title":{"rendered":"Martinho da Vila (1969)"},"content":{"rendered":"<p><a href=\"http:\/\/3.bp.blogspot.com\/_DSKVEvHtskc\/RraOQ_5fBSI\/AAAAAAAAAEA\/H6hNA-Otn-g\/s1600-h\/martinho+da+vila+69.JPG\"><img decoding=\"async\" id=\"BLOGGER_PHOTO_ID_5095416451097888034\" style=\"DISPLAY: block; MARGIN: 0px auto 10px; CURSOR: hand; TEXT-ALIGN: center\" alt=\"\" src=\"http:\/\/3.bp.blogspot.com\/_DSKVEvHtskc\/RraOQ_5fBSI\/AAAAAAAAAEA\/H6hNA-Otn-g\/s400\/martinho+da+vila+69.JPG\" border=\"0\" \/><\/a>Na dobradinha, vai aqui mais um Martinho da Vila. Me parece que este foi o primeiro disco do cara. Me corrijam se eu estiver errado. Este disco \u00e9 ainda mais interessante que o outro j\u00e1 postado. V\u00e1rias fa\u00edxas deste lp fizeram muito sucesso nas r\u00e1dios e na boca do povo. Quem n\u00e3o cantou &#8220;O pequeno bugu\u00eas&#8221;, &#8220;Pr\u00e1 que dinheiro&#8221;, &#8220;Casa de bamba&#8221;&#8230; ? T\u00e1 tudo aqui, em vers\u00e3o original, quando o Martinho ainda n\u00e3o usava tanto a t\u00e9cnica de cantar sorrindo. \u00c9 aquele jeitinho que mata ele (malandrinho!).<\/p>\n<div><\/div>\n<div><\/div>\n<div><\/div>\n","protected":false},"excerpt":{"rendered":"<p>Na dobradinha, vai aqui mais um Martinho da Vila. Me parece que este foi o primeiro disco do cara. Me corrijam se eu estiver errado. Este disco \u00e9 ainda mais interessante que o outro j\u00e1 postado. V\u00e1rias fa\u00edxas deste lp &hellip; <a href=\"https:\/\/www.toque-musicall.com\/?p=2189\">Continue lendo <span class=\"meta-nav\">&rarr;<\/span><\/a><\/p>\n","protected":false},"author":1,"featured_media":0,"comment_status":"closed","ping_status":"closed","sticky":false,"template":"","format":"standard","meta":{"footnotes":""},"categories":[1092,70],"tags":[4221,3061],"class_list":["post-2189","post","type-post","status-publish","format-standard","hentry","category-martinho-da-vila","category-selo-rca-victor","tag-martinho-da-vila","tag-selo-rca-victor"],"_links":{"self":[{"href":"https:\/\/www.toque-musicall.com\/index.php?rest_route=\/wp\/v2\/posts\/2189","targetHints":{"allow":["GET"]}}],"collection":[{"href":"https:\/\/www.toque-musicall.com\/index.php?rest_route=\/wp\/v2\/posts"}],"about":[{"href":"https:\/\/www.toque-musicall.com\/index.php?rest_route=\/wp\/v2\/types\/post"}],"author":[{"embeddable":true,"href":"https:\/\/www.toque-musicall.com\/index.php?rest_route=\/wp\/v2\/users\/1"}],"replies":[{"embeddable":true,"href":"https:\/\/www.toque-musicall.com\/index.php?rest_route=%2Fwp%2Fv2%2Fcomments&post=2189"}],"version-history":[{"count":1,"href":"https:\/\/www.toque-musicall.com\/index.php?rest_route=\/wp\/v2\/posts\/2189\/revisions"}],"predecessor-version":[{"id":8152,"href":"https:\/\/www.toque-musicall.com\/index.php?rest_route=\/wp\/v2\/posts\/2189\/revisions\/8152"}],"wp:attachment":[{"href":"https:\/\/www.toque-musicall.com\/index.php?rest_route=%2Fwp%2Fv2%2Fmedia&parent=2189"}],"wp:term":[{"taxonomy":"category","embeddable":true,"href":"https:\/\/www.toque-musicall.com\/index.php?rest_route=%2Fwp%2Fv2%2Fcategories&post=2189"},{"taxonomy":"post_tag","embeddable":true,"href":"https:\/\/www.toque-musicall.com\/index.php?rest_route=%2Fwp%2Fv2%2Ftags&post=2189"}],"curies":[{"name":"wp","href":"https:\/\/api.w.org\/{rel}","templated":true}]}}