{"id":2190,"date":"2007-08-06T01:54:00","date_gmt":"2007-08-06T04:54:00","guid":{"rendered":"http:\/\/www.toque-musicall.com\/?p=2190"},"modified":"2021-01-10T10:25:57","modified_gmt":"2021-01-10T13:25:57","slug":"beth-carvalho-andanca-1968","status":"publish","type":"post","link":"https:\/\/www.toque-musicall.com\/?p=2190","title":{"rendered":"Beth Carvalho &#8211; Andan\u00e7a (1968)"},"content":{"rendered":"<p><a href=\"http:\/\/1.bp.blogspot.com\/_DSKVEvHtskc\/RraJEf5fBRI\/AAAAAAAAAD4\/TyGPEGJJNRM\/s1600-h\/Beth+Carvalho+.jpg\"><img decoding=\"async\" id=\"BLOGGER_PHOTO_ID_5095410738791384338\" style=\"DISPLAY: block; MARGIN: 0px auto 10px; CURSOR: hand; TEXT-ALIGN: center\" alt=\"\" src=\"http:\/\/1.bp.blogspot.com\/_DSKVEvHtskc\/RraJEf5fBRI\/AAAAAAAAAD4\/TyGPEGJJNRM\/s400\/Beth+Carvalho+.jpg\" border=\"0\" \/><\/a>Ta\u00ed o primeiro disco da Beth Carvalho. N\u00e3o \u00e9 exatamente um \u00e1lbum de samba, mas est\u00e1 dentro do contexto. Lp muito legal, com aquele clima de anos 60, de festivais&#8230; &#8220;Andan\u00e7a&#8221;, uma composi\u00e7\u00e3o de Paulinho Tapaj\u00f3s, Edmundo Souto e Danilo Caymmi foi defendida por ela e os Golden Boys no III Festival Internacional da Can\u00e7\u00e3o&#8221;. A m\u00fasica ficou em terceiro lugar, se tornando um cl\u00e1ssico do nosso cancioneiro popular. N\u00e3o h\u00e1 quem esque\u00e7a de cant\u00e1-la numa roda de viola. Al\u00e9m da can\u00e7\u00e3o hom\u00f4nimo, o \u00e1lbum traz outras faixas interessantes como &#8220;Sentinela&#8221;, gravada e sucesso na voz de Milton Nascimento. Disco importante da MPB, b\u00e1sico!<\/p>\n<div><\/div>\n<div><\/div>\n","protected":false},"excerpt":{"rendered":"<p>Ta\u00ed o primeiro disco da Beth Carvalho. N\u00e3o \u00e9 exatamente um \u00e1lbum de samba, mas est\u00e1 dentro do contexto. Lp muito legal, com aquele clima de anos 60, de festivais&#8230; &#8220;Andan\u00e7a&#8221;, uma composi\u00e7\u00e3o de Paulinho Tapaj\u00f3s, Edmundo Souto e Danilo &hellip; <a href=\"https:\/\/www.toque-musicall.com\/?p=2190\">Continue lendo <span class=\"meta-nav\">&rarr;<\/span><\/a><\/p>\n","protected":false},"author":1,"featured_media":0,"comment_status":"closed","ping_status":"closed","sticky":false,"template":"","format":"standard","meta":{"footnotes":""},"categories":[1251,86],"tags":[4224,3153],"class_list":["post-2190","post","type-post","status-publish","format-standard","hentry","category-beth-carvalho","category-selo-odeon","tag-beth-carvalho","tag-selo-odeon"],"_links":{"self":[{"href":"https:\/\/www.toque-musicall.com\/index.php?rest_route=\/wp\/v2\/posts\/2190","targetHints":{"allow":["GET"]}}],"collection":[{"href":"https:\/\/www.toque-musicall.com\/index.php?rest_route=\/wp\/v2\/posts"}],"about":[{"href":"https:\/\/www.toque-musicall.com\/index.php?rest_route=\/wp\/v2\/types\/post"}],"author":[{"embeddable":true,"href":"https:\/\/www.toque-musicall.com\/index.php?rest_route=\/wp\/v2\/users\/1"}],"replies":[{"embeddable":true,"href":"https:\/\/www.toque-musicall.com\/index.php?rest_route=%2Fwp%2Fv2%2Fcomments&post=2190"}],"version-history":[{"count":1,"href":"https:\/\/www.toque-musicall.com\/index.php?rest_route=\/wp\/v2\/posts\/2190\/revisions"}],"predecessor-version":[{"id":8154,"href":"https:\/\/www.toque-musicall.com\/index.php?rest_route=\/wp\/v2\/posts\/2190\/revisions\/8154"}],"wp:attachment":[{"href":"https:\/\/www.toque-musicall.com\/index.php?rest_route=%2Fwp%2Fv2%2Fmedia&parent=2190"}],"wp:term":[{"taxonomy":"category","embeddable":true,"href":"https:\/\/www.toque-musicall.com\/index.php?rest_route=%2Fwp%2Fv2%2Fcategories&post=2190"},{"taxonomy":"post_tag","embeddable":true,"href":"https:\/\/www.toque-musicall.com\/index.php?rest_route=%2Fwp%2Fv2%2Ftags&post=2190"}],"curies":[{"name":"wp","href":"https:\/\/api.w.org\/{rel}","templated":true}]}}