{"id":2191,"date":"2007-08-05T23:12:00","date_gmt":"2007-08-06T02:12:00","guid":{"rendered":"http:\/\/www.toque-musicall.com\/?p=2191"},"modified":"2021-01-10T10:27:13","modified_gmt":"2021-01-10T13:27:13","slug":"martinho-da-vila-memorias-de-um-sargento-de-milicias-1971","status":"publish","type":"post","link":"https:\/\/www.toque-musicall.com\/?p=2191","title":{"rendered":"Martinho da Vila &#8211; Mem\u00f3rias De Um Sargento De Mil\u00edcias (1971)"},"content":{"rendered":"<p><a href=\"http:\/\/3.bp.blogspot.com\/_DSKVEvHtskc\/RrfWAv5fBUI\/AAAAAAAAAEQ\/FdIzhJUT1c0\/s1600-h\/martinho+da+vila+-+mem%C3%83%C2%B3rias+de+um+sargento+de+mil%C3%83%C2%ADcias+1971.jpg\"><img decoding=\"async\" id=\"BLOGGER_PHOTO_ID_5095776811738924354\" style=\"DISPLAY: block; MARGIN: 0px auto 10px; CURSOR: hand; TEXT-ALIGN: center\" alt=\"\" src=\"http:\/\/3.bp.blogspot.com\/_DSKVEvHtskc\/RrfWAv5fBUI\/AAAAAAAAAEQ\/FdIzhJUT1c0\/s400\/martinho+da+vila+-+mem%C3%B3rias+de+um+sargento+de+mil%C3%ADcias+1971.jpg\" border=\"0\" \/><\/a> Martinho da Vila \u00e9 outro sambista bastante apreciado. Assim como Beth Carvalho, acho seus primeiros trabalhos bem mais interessantes. \u00c9 o caso deste \u00e1lbum lan\u00e7ado em 1977. Nele podemos encontrar um sambista mais voltado para um samba de partido-alto. Ele foi um dos respons\u00e1veis pela populariza\u00e7\u00e3o de um g\u00eanero que antes se limitava aos terreiros das escolas de samba. &#8220;Segure tudo&#8221;,  &#8220;Menina mo\u00e7a&#8221; e &#8220;Pode encomendar o seu caix\u00e3o&#8221; s\u00e3o as faixas mais conhecidas. Samba aut\u00eantico!<\/p>\n<div><\/div>\n<div><\/div>\n","protected":false},"excerpt":{"rendered":"<p>Martinho da Vila \u00e9 outro sambista bastante apreciado. Assim como Beth Carvalho, acho seus primeiros trabalhos bem mais interessantes. \u00c9 o caso deste \u00e1lbum lan\u00e7ado em 1977. Nele podemos encontrar um sambista mais voltado para um samba de partido-alto. Ele &hellip; <a href=\"https:\/\/www.toque-musicall.com\/?p=2191\">Continue lendo <span class=\"meta-nav\">&rarr;<\/span><\/a><\/p>\n","protected":false},"author":1,"featured_media":0,"comment_status":"closed","ping_status":"closed","sticky":false,"template":"","format":"standard","meta":{"footnotes":""},"categories":[1092,70],"tags":[4221,3061],"class_list":["post-2191","post","type-post","status-publish","format-standard","hentry","category-martinho-da-vila","category-selo-rca-victor","tag-martinho-da-vila","tag-selo-rca-victor"],"_links":{"self":[{"href":"https:\/\/www.toque-musicall.com\/index.php?rest_route=\/wp\/v2\/posts\/2191","targetHints":{"allow":["GET"]}}],"collection":[{"href":"https:\/\/www.toque-musicall.com\/index.php?rest_route=\/wp\/v2\/posts"}],"about":[{"href":"https:\/\/www.toque-musicall.com\/index.php?rest_route=\/wp\/v2\/types\/post"}],"author":[{"embeddable":true,"href":"https:\/\/www.toque-musicall.com\/index.php?rest_route=\/wp\/v2\/users\/1"}],"replies":[{"embeddable":true,"href":"https:\/\/www.toque-musicall.com\/index.php?rest_route=%2Fwp%2Fv2%2Fcomments&post=2191"}],"version-history":[{"count":1,"href":"https:\/\/www.toque-musicall.com\/index.php?rest_route=\/wp\/v2\/posts\/2191\/revisions"}],"predecessor-version":[{"id":8155,"href":"https:\/\/www.toque-musicall.com\/index.php?rest_route=\/wp\/v2\/posts\/2191\/revisions\/8155"}],"wp:attachment":[{"href":"https:\/\/www.toque-musicall.com\/index.php?rest_route=%2Fwp%2Fv2%2Fmedia&parent=2191"}],"wp:term":[{"taxonomy":"category","embeddable":true,"href":"https:\/\/www.toque-musicall.com\/index.php?rest_route=%2Fwp%2Fv2%2Fcategories&post=2191"},{"taxonomy":"post_tag","embeddable":true,"href":"https:\/\/www.toque-musicall.com\/index.php?rest_route=%2Fwp%2Fv2%2Ftags&post=2191"}],"curies":[{"name":"wp","href":"https:\/\/api.w.org\/{rel}","templated":true}]}}