{"id":2193,"date":"2007-08-05T19:48:00","date_gmt":"2007-08-05T22:48:00","guid":{"rendered":"http:\/\/www.toque-musicall.com\/?p=2193"},"modified":"2021-01-10T10:29:17","modified_gmt":"2021-01-10T13:29:17","slug":"a-bienal-do-samba-tv-record-1968","status":"publish","type":"post","link":"https:\/\/www.toque-musicall.com\/?p=2193","title":{"rendered":"A Bienal do Samba &#8211; TV Record (1968)"},"content":{"rendered":"<p><a href=\"http:\/\/1.bp.blogspot.com\/_DSKVEvHtskc\/RrYu9f5fBPI\/AAAAAAAAADo\/WtqUXQTYEhY\/s1600-h\/I+Bienal+Do+Samba+-+TV+Record.jpg\"><img decoding=\"async\" id=\"BLOGGER_PHOTO_ID_5095311662485800178\" style=\"DISPLAY: block; MARGIN: 0px auto 10px; CURSOR: hand; TEXT-ALIGN: center\" alt=\"\" src=\"http:\/\/1.bp.blogspot.com\/_DSKVEvHtskc\/RrYu9f5fBPI\/AAAAAAAAADo\/WtqUXQTYEhY\/s400\/I+Bienal+Do+Samba+-+TV+Record.jpg\" border=\"0\" \/><\/a>Aproveitando o gancho, vamos agora para este outro disco raro que tem tamb\u00e9m uma composi\u00e7\u00e3o do Synval Silva. A Bienal do Samba era uma proposta da TV Record, um festival apenas para o samba. Infelizmente a id\u00e9ia n\u00e3o vingou e o projeto parou na segunda edi\u00e7\u00e3o de 1970. Na primeira edi\u00e7\u00e3o (1968) quem faturou o primeiro lugar foi a Elis Regina juntamente com os Originais do Samba, interpretando &#8220;Lapinha&#8221; de Baden Powell e Paulo Cesar Pinheiro. O disco tem tamb\u00e9m Chico Buarque, Marilia Medalha, Jair Rodrigues e mais&#8230;<\/p>\n<div><\/div>\n<div><\/div>\n","protected":false},"excerpt":{"rendered":"<p>Aproveitando o gancho, vamos agora para este outro disco raro que tem tamb\u00e9m uma composi\u00e7\u00e3o do Synval Silva. A Bienal do Samba era uma proposta da TV Record, um festival apenas para o samba. Infelizmente a id\u00e9ia n\u00e3o vingou e &hellip; <a href=\"https:\/\/www.toque-musicall.com\/?p=2193\">Continue lendo <span class=\"meta-nav\">&rarr;<\/span><\/a><\/p>\n","protected":false},"author":1,"featured_media":0,"comment_status":"open","ping_status":"closed","sticky":false,"template":"","format":"standard","meta":{"footnotes":""},"categories":[1983,48,1303],"tags":[4225,3012],"class_list":["post-2193","post","type-post","status-publish","format-standard","hentry","category-a-bienal-do-samba","category-selo-philips","category-variados","tag-bienal-do-samba","tag-selo-philips"],"_links":{"self":[{"href":"https:\/\/www.toque-musicall.com\/index.php?rest_route=\/wp\/v2\/posts\/2193","targetHints":{"allow":["GET"]}}],"collection":[{"href":"https:\/\/www.toque-musicall.com\/index.php?rest_route=\/wp\/v2\/posts"}],"about":[{"href":"https:\/\/www.toque-musicall.com\/index.php?rest_route=\/wp\/v2\/types\/post"}],"author":[{"embeddable":true,"href":"https:\/\/www.toque-musicall.com\/index.php?rest_route=\/wp\/v2\/users\/1"}],"replies":[{"embeddable":true,"href":"https:\/\/www.toque-musicall.com\/index.php?rest_route=%2Fwp%2Fv2%2Fcomments&post=2193"}],"version-history":[{"count":1,"href":"https:\/\/www.toque-musicall.com\/index.php?rest_route=\/wp\/v2\/posts\/2193\/revisions"}],"predecessor-version":[{"id":8157,"href":"https:\/\/www.toque-musicall.com\/index.php?rest_route=\/wp\/v2\/posts\/2193\/revisions\/8157"}],"wp:attachment":[{"href":"https:\/\/www.toque-musicall.com\/index.php?rest_route=%2Fwp%2Fv2%2Fmedia&parent=2193"}],"wp:term":[{"taxonomy":"category","embeddable":true,"href":"https:\/\/www.toque-musicall.com\/index.php?rest_route=%2Fwp%2Fv2%2Fcategories&post=2193"},{"taxonomy":"post_tag","embeddable":true,"href":"https:\/\/www.toque-musicall.com\/index.php?rest_route=%2Fwp%2Fv2%2Ftags&post=2193"}],"curies":[{"name":"wp","href":"https:\/\/api.w.org\/{rel}","templated":true}]}}