{"id":2194,"date":"2007-08-05T19:08:00","date_gmt":"2007-08-05T22:08:00","guid":{"rendered":"http:\/\/www.toque-musicall.com\/?p=2194"},"modified":"2021-01-10T10:30:21","modified_gmt":"2021-01-10T13:30:21","slug":"synval-silva-serie-documento-1973","status":"publish","type":"post","link":"https:\/\/www.toque-musicall.com\/?p=2194","title":{"rendered":"Synval Silva &#8211; S\u00e9rie Documento (1973)"},"content":{"rendered":"<p><a href=\"http:\/\/4.bp.blogspot.com\/_DSKVEvHtskc\/RrYn7P5fBOI\/AAAAAAAAADg\/kePK91cZKsQ\/s1600-h\/Synval+Silva+-+Synval+Silva+-+1973+-+RARO.jpg\"><img decoding=\"async\" id=\"BLOGGER_PHOTO_ID_5095303927249700066\" style=\"DISPLAY: block; MARGIN: 0px auto 10px; CURSOR: hand; TEXT-ALIGN: center\" alt=\"\" src=\"http:\/\/4.bp.blogspot.com\/_DSKVEvHtskc\/RrYn7P5fBOI\/AAAAAAAAADg\/kePK91cZKsQ\/s400\/Synval+Silva+-+Synval+Silva+-+1973+-+RARO.jpg\" border=\"0\" \/><\/a>Vamos come\u00e7ar a semana com samba. Tenho aqui alguns t\u00edtulos que gostaria de compartilhar com os meus poss\u00edveis visitantes. Por enquanto, somente &#8220;os chegados&#8221;, mas aos poucos o p\u00fablico ir\u00e1 crescendo. Vamos abrindo com um disco important\u00edssimo, uma obra rara e esquecida assim como seu autor. Estou falando do Synval Silva, grande sambista e compositor da velha guarda. Foi um dos fundarores da escola de samba Imp\u00e9rio da Tijuca. Gravou apenas este disco na S\u00e9rie Documento da RCA Victor.<\/p>\n<div><\/div>\n<div><\/div>\n","protected":false},"excerpt":{"rendered":"<p>Vamos come\u00e7ar a semana com samba. Tenho aqui alguns t\u00edtulos que gostaria de compartilhar com os meus poss\u00edveis visitantes. Por enquanto, somente &#8220;os chegados&#8221;, mas aos poucos o p\u00fablico ir\u00e1 crescendo. Vamos abrindo com um disco important\u00edssimo, uma obra rara &hellip; <a href=\"https:\/\/www.toque-musicall.com\/?p=2194\">Continue lendo <span class=\"meta-nav\">&rarr;<\/span><\/a><\/p>\n","protected":false},"author":1,"featured_media":0,"comment_status":"open","ping_status":"closed","sticky":false,"template":"","format":"standard","meta":{"footnotes":""},"categories":[70,1984],"tags":[3061,4226],"class_list":["post-2194","post","type-post","status-publish","format-standard","hentry","category-selo-rca-victor","category-synval-silva","tag-selo-rca-victor","tag-synval-silva"],"_links":{"self":[{"href":"https:\/\/www.toque-musicall.com\/index.php?rest_route=\/wp\/v2\/posts\/2194","targetHints":{"allow":["GET"]}}],"collection":[{"href":"https:\/\/www.toque-musicall.com\/index.php?rest_route=\/wp\/v2\/posts"}],"about":[{"href":"https:\/\/www.toque-musicall.com\/index.php?rest_route=\/wp\/v2\/types\/post"}],"author":[{"embeddable":true,"href":"https:\/\/www.toque-musicall.com\/index.php?rest_route=\/wp\/v2\/users\/1"}],"replies":[{"embeddable":true,"href":"https:\/\/www.toque-musicall.com\/index.php?rest_route=%2Fwp%2Fv2%2Fcomments&post=2194"}],"version-history":[{"count":1,"href":"https:\/\/www.toque-musicall.com\/index.php?rest_route=\/wp\/v2\/posts\/2194\/revisions"}],"predecessor-version":[{"id":8158,"href":"https:\/\/www.toque-musicall.com\/index.php?rest_route=\/wp\/v2\/posts\/2194\/revisions\/8158"}],"wp:attachment":[{"href":"https:\/\/www.toque-musicall.com\/index.php?rest_route=%2Fwp%2Fv2%2Fmedia&parent=2194"}],"wp:term":[{"taxonomy":"category","embeddable":true,"href":"https:\/\/www.toque-musicall.com\/index.php?rest_route=%2Fwp%2Fv2%2Fcategories&post=2194"},{"taxonomy":"post_tag","embeddable":true,"href":"https:\/\/www.toque-musicall.com\/index.php?rest_route=%2Fwp%2Fv2%2Ftags&post=2194"}],"curies":[{"name":"wp","href":"https:\/\/api.w.org\/{rel}","templated":true}]}}