{"id":2196,"date":"2007-08-04T03:27:00","date_gmt":"2007-08-04T06:27:00","guid":{"rendered":"http:\/\/www.toque-musicall.com\/?p=2196"},"modified":"2021-01-10T10:41:34","modified_gmt":"2021-01-10T13:41:34","slug":"centro-popular-de-cultura-o-povo-canta-1964","status":"publish","type":"post","link":"https:\/\/www.toque-musicall.com\/?p=2196","title":{"rendered":"Centro Popular de Cultura &#8211; O Povo Canta (1964)"},"content":{"rendered":"<p>\u201cO povo canta\u201d foi um trabalho musical composto por Carlos Lyra, Francisco de Assis, Billy Blanco, Rafael de Carvalho, Geni Marcondes e Augusto Boal. A venda desse compacto arrecadou fundos para a constru\u00e7\u00e3o do Teatro do CPC da UNE. No ano seguinte, o disco foi retirado de circula\u00e7\u00e3o pela censura. Na mesma \u00e9poca, o Teatro do CPC da UNE, rec\u00e9m-constru\u00eddo, foi metralhado pelo Movimento Anti-Comunista (MAC). Por um longo per\u00edodo este inocente disquinho foi considerado \u201cmaterial subversivo\u201d. Hoje vale uma baba na m\u00e3o de colecionadores.<\/p>\n<p><a href=\"http:\/\/1.bp.blogspot.com\/_DSKVEvHtskc\/RrPytP5fBJI\/AAAAAAAAAC4\/7hJDd0_4odQ\/s1600-h\/CPC_CDA.jpg\"><img decoding=\"async\" id=\"BLOGGER_PHOTO_ID_5094682462661837970\" style=\"DISPLAY: block; MARGIN: 0px auto 10px; CURSOR: hand; TEXT-ALIGN: center\" alt=\"\" src=\"http:\/\/1.bp.blogspot.com\/_DSKVEvHtskc\/RrPytP5fBJI\/AAAAAAAAAC4\/7hJDd0_4odQ\/s400\/CPC_CDA.jpg\" border=\"0\" \/><\/a>&#8230; e n\u00e3o \u00e9 pra menos, este disco pode ser considerado uma pe\u00e7a hist\u00f3rica na cena musical e pol\u00edtica desse nosso pa\u00eds. M\u00fasica de cr\u00edtica, resist\u00eancia e protesto. Insdispens\u00e1vel!<\/p>\n<div><\/div>\n<div><\/div>\n<div><\/div>\n","protected":false},"excerpt":{"rendered":"<p>\u201cO povo canta\u201d foi um trabalho musical composto por Carlos Lyra, Francisco de Assis, Billy Blanco, Rafael de Carvalho, Geni Marcondes e Augusto Boal. A venda desse compacto arrecadou fundos para a constru\u00e7\u00e3o do Teatro do CPC da UNE. No &hellip; <a href=\"https:\/\/www.toque-musicall.com\/?p=2196\">Continue lendo <span class=\"meta-nav\">&rarr;<\/span><\/a><\/p>\n","protected":false},"author":1,"featured_media":0,"comment_status":"closed","ping_status":"closed","sticky":false,"template":"","format":"standard","meta":{"footnotes":""},"categories":[1986,25],"tags":[4228,4229,3017],"class_list":["post-2196","post","type-post","status-publish","format-standard","hentry","category-centro-popular-de-cultura-o-povo-canta","category-selo-independente","tag-cpc-da-une","tag-o-povo-canta","tag-selo-independente"],"_links":{"self":[{"href":"https:\/\/www.toque-musicall.com\/index.php?rest_route=\/wp\/v2\/posts\/2196","targetHints":{"allow":["GET"]}}],"collection":[{"href":"https:\/\/www.toque-musicall.com\/index.php?rest_route=\/wp\/v2\/posts"}],"about":[{"href":"https:\/\/www.toque-musicall.com\/index.php?rest_route=\/wp\/v2\/types\/post"}],"author":[{"embeddable":true,"href":"https:\/\/www.toque-musicall.com\/index.php?rest_route=\/wp\/v2\/users\/1"}],"replies":[{"embeddable":true,"href":"https:\/\/www.toque-musicall.com\/index.php?rest_route=%2Fwp%2Fv2%2Fcomments&post=2196"}],"version-history":[{"count":1,"href":"https:\/\/www.toque-musicall.com\/index.php?rest_route=\/wp\/v2\/posts\/2196\/revisions"}],"predecessor-version":[{"id":8160,"href":"https:\/\/www.toque-musicall.com\/index.php?rest_route=\/wp\/v2\/posts\/2196\/revisions\/8160"}],"wp:attachment":[{"href":"https:\/\/www.toque-musicall.com\/index.php?rest_route=%2Fwp%2Fv2%2Fmedia&parent=2196"}],"wp:term":[{"taxonomy":"category","embeddable":true,"href":"https:\/\/www.toque-musicall.com\/index.php?rest_route=%2Fwp%2Fv2%2Fcategories&post=2196"},{"taxonomy":"post_tag","embeddable":true,"href":"https:\/\/www.toque-musicall.com\/index.php?rest_route=%2Fwp%2Fv2%2Ftags&post=2196"}],"curies":[{"name":"wp","href":"https:\/\/api.w.org\/{rel}","templated":true}]}}