{"id":2200,"date":"2007-08-03T17:23:00","date_gmt":"2007-08-03T20:23:00","guid":{"rendered":"http:\/\/www.toque-musicall.com\/?p=2200"},"modified":"2021-01-10T10:40:01","modified_gmt":"2021-01-10T13:40:01","slug":"cesar-costa-filho-bazar-1977","status":"publish","type":"post","link":"https:\/\/www.toque-musicall.com\/?p=2200","title":{"rendered":"Cesar Costa Filho &#8211; Bazar (1977)"},"content":{"rendered":"<p><a href=\"http:\/\/1.bp.blogspot.com\/_DSKVEvHtskc\/RrNk8P5fBFI\/AAAAAAAAACU\/5tJgyELWYB4\/s1600-h\/CCF-Bazar+-+Toque+Musical.jpg\"><img decoding=\"async\" id=\"BLOGGER_PHOTO_ID_5094526589708731474\" style=\"DISPLAY: block; MARGIN: 0px auto 10px; CURSOR: hand; TEXT-ALIGN: center\" alt=\"\" src=\"http:\/\/1.bp.blogspot.com\/_DSKVEvHtskc\/RrNk8P5fBFI\/AAAAAAAAACU\/5tJgyELWYB4\/s400\/CCF-Bazar+-+Toque+Musical.jpg\" border=\"0\" \/><\/a> Outro cara sumida\u00e7o \u00e9 o Cesar Costa Filho. Durante os anos 70 ele esteve bem atuante, gravando diversos discos. Suas composi\u00e7\u00f5es foram interpretadas por Elis Regina, Beth Carvalho, Clara Nunes, D\u00f3ris Monteiro, Claudette Soares, Elizeth Cardoso, Vanusa, Ant\u00f4nio Marcos e at\u00e9 figurinhas duvidosas como Eliana, Xuxa, Ang\u00e9lica e Rosana e mais&#8230; Acho que ele sumiu da parada depois que passou a ser o presidente da UBC (Uni\u00e3o Brasileira de Compositores). Ele tamb\u00e9m foi um dos fundadores do MAU (Movimento Art\u00edstico Universit\u00e1rio) ao lado de Ivan Lins, Gonzaguinha, entre outros.<br \/>&#8220;Bazar&#8221; foi seu terceiro lp e tem como destaque a divertida &#8220;Consumatum Est (nessa \u00e9poca ainda n\u00e3o havia o Viagra hehehe&#8230; Disquinho legal, recheado de bons sambas-can\u00e7\u00e3o.<\/p>\n<div><\/div>\n<div><\/div>\n","protected":false},"excerpt":{"rendered":"<p>Outro cara sumida\u00e7o \u00e9 o Cesar Costa Filho. Durante os anos 70 ele esteve bem atuante, gravando diversos discos. Suas composi\u00e7\u00f5es foram interpretadas por Elis Regina, Beth Carvalho, Clara Nunes, D\u00f3ris Monteiro, Claudette Soares, Elizeth Cardoso, Vanusa, Ant\u00f4nio Marcos e &hellip; <a href=\"https:\/\/www.toque-musicall.com\/?p=2200\">Continue lendo <span class=\"meta-nav\">&rarr;<\/span><\/a><\/p>\n","protected":false},"author":1,"featured_media":0,"comment_status":"closed","ping_status":"closed","sticky":false,"template":"","format":"standard","meta":{"footnotes":""},"categories":[880,70],"tags":[4233,3061],"class_list":["post-2200","post","type-post","status-publish","format-standard","hentry","category-cesar-costa-filho","category-selo-rca-victor","tag-cesar-costa-filho","tag-selo-rca-victor"],"_links":{"self":[{"href":"https:\/\/www.toque-musicall.com\/index.php?rest_route=\/wp\/v2\/posts\/2200","targetHints":{"allow":["GET"]}}],"collection":[{"href":"https:\/\/www.toque-musicall.com\/index.php?rest_route=\/wp\/v2\/posts"}],"about":[{"href":"https:\/\/www.toque-musicall.com\/index.php?rest_route=\/wp\/v2\/types\/post"}],"author":[{"embeddable":true,"href":"https:\/\/www.toque-musicall.com\/index.php?rest_route=\/wp\/v2\/users\/1"}],"replies":[{"embeddable":true,"href":"https:\/\/www.toque-musicall.com\/index.php?rest_route=%2Fwp%2Fv2%2Fcomments&post=2200"}],"version-history":[{"count":1,"href":"https:\/\/www.toque-musicall.com\/index.php?rest_route=\/wp\/v2\/posts\/2200\/revisions"}],"predecessor-version":[{"id":8165,"href":"https:\/\/www.toque-musicall.com\/index.php?rest_route=\/wp\/v2\/posts\/2200\/revisions\/8165"}],"wp:attachment":[{"href":"https:\/\/www.toque-musicall.com\/index.php?rest_route=%2Fwp%2Fv2%2Fmedia&parent=2200"}],"wp:term":[{"taxonomy":"category","embeddable":true,"href":"https:\/\/www.toque-musicall.com\/index.php?rest_route=%2Fwp%2Fv2%2Fcategories&post=2200"},{"taxonomy":"post_tag","embeddable":true,"href":"https:\/\/www.toque-musicall.com\/index.php?rest_route=%2Fwp%2Fv2%2Ftags&post=2200"}],"curies":[{"name":"wp","href":"https:\/\/api.w.org\/{rel}","templated":true}]}}