{"id":2201,"date":"2007-08-03T02:33:00","date_gmt":"2007-08-03T05:33:00","guid":{"rendered":"http:\/\/www.toque-musicall.com\/?p=2201"},"modified":"2021-01-10T10:42:14","modified_gmt":"2021-01-10T13:42:14","slug":"paulo-rafael-1988","status":"publish","type":"post","link":"https:\/\/www.toque-musicall.com\/?p=2201","title":{"rendered":"Paulo Rafael (1988)"},"content":{"rendered":"<div align=\"left\"><a href=\"http:\/\/2.bp.blogspot.com\/_DSKVEvHtskc\/SIxpAkiljAI\/AAAAAAAABx0\/bkpkdIO-c1U\/s1600-h\/paulo+rafael+P.JPG\"><img decoding=\"async\" id=\"BLOGGER_PHOTO_ID_5227668725999963138\" style=\"DISPLAY: block; MARGIN: 0px auto 10px; CURSOR: hand; TEXT-ALIGN: center\" alt=\"\" src=\"http:\/\/2.bp.blogspot.com\/_DSKVEvHtskc\/SIxpAkiljAI\/AAAAAAAABx0\/bkpkdIO-c1U\/s400\/paulo+rafael+P.JPG\" border=\"0\" \/><\/a>Segue aqui mais um disco raro, pelo menos nas bandas do sul. Paulo Rafael, grande guitarrista pernambucano. Para quem n\u00e3o o conhece, este cara toca com o Alceu Valen\u00e7a. Sua trajet\u00f3ria come\u00e7a na d\u00e9cada de 70, quando foi integrante da banda Phetus e depois Ave Sangria, duas banda de renome no cen\u00e1rio rock nordestino. Chegou a fazer um disco &#8220;Caru\u00e1&#8221;, por um selo independente, com o tamb\u00e9m integrante da banda do Alceu na \u00e9poca, Z\u00e9 da Flauta. Esse disco, apareceu recentemente postado em alguns blogs. Interessados, posso post\u00e1-lo tamb\u00e9m. Bom, sobre o disco aqui apresentado, o que tenho a dizer \u00e9 que se trata de um album instrumental muito bom. Foi o primeiro trabalho solo desse instrumentista. Guitarras ac\u00fasticas, sintetizadas, com pitadas de rock, jazz e ritmos nordestinos. Sei de um outro trabalho experimental do Paulo com o tecladista mineiro Marcio Lomiranda e a cantora carioca Taryn Kern Szpilman, o Eletro Fluminas. Mas essa \u00e9 uma outra hist\u00f3ria e vamos deixar para uma pr\u00f3xima ocasi\u00e3o.<\/p>\n<div align=\"center\"> <\/div>\n<div align=\"center\">.<\/div>\n<div align=\"center\">navegantes<\/div>\n<div align=\"center\">maracaj\u00e1<\/div>\n<div align=\"center\">rota da africa<\/div>\n<div align=\"center\">depois do escuro<\/div>\n<div align=\"center\">arraial do bom jesus<\/div>\n<div align=\"center\">esta\u00e7\u00e3o do som<\/div>\n<div align=\"center\">arrecifes<\/div>\n<div align=\"center\">orange<\/div>\n<div align=\"center\"><\/div>\n<div align=\"center\"><\/div>\n<div align=\"center\"> <\/div>\n<div align=\"center\"> <\/div>\n<\/div>\n","protected":false},"excerpt":{"rendered":"<p>Segue aqui mais um disco raro, pelo menos nas bandas do sul. Paulo Rafael, grande guitarrista pernambucano. Para quem n\u00e3o o conhece, este cara toca com o Alceu Valen\u00e7a. Sua trajet\u00f3ria come\u00e7a na d\u00e9cada de 70, quando foi integrante da &hellip; <a href=\"https:\/\/www.toque-musicall.com\/?p=2201\">Continue lendo <span class=\"meta-nav\">&rarr;<\/span><\/a><\/p>\n","protected":false},"author":1,"featured_media":0,"comment_status":"closed","ping_status":"closed","sticky":false,"template":"","format":"standard","meta":{"footnotes":""},"categories":[386,25],"tags":[4141,3017],"class_list":["post-2201","post","type-post","status-publish","format-standard","hentry","category-paulo-rafael","category-selo-independente","tag-paulo-rafael","tag-selo-independente"],"_links":{"self":[{"href":"https:\/\/www.toque-musicall.com\/index.php?rest_route=\/wp\/v2\/posts\/2201","targetHints":{"allow":["GET"]}}],"collection":[{"href":"https:\/\/www.toque-musicall.com\/index.php?rest_route=\/wp\/v2\/posts"}],"about":[{"href":"https:\/\/www.toque-musicall.com\/index.php?rest_route=\/wp\/v2\/types\/post"}],"author":[{"embeddable":true,"href":"https:\/\/www.toque-musicall.com\/index.php?rest_route=\/wp\/v2\/users\/1"}],"replies":[{"embeddable":true,"href":"https:\/\/www.toque-musicall.com\/index.php?rest_route=%2Fwp%2Fv2%2Fcomments&post=2201"}],"version-history":[{"count":1,"href":"https:\/\/www.toque-musicall.com\/index.php?rest_route=\/wp\/v2\/posts\/2201\/revisions"}],"predecessor-version":[{"id":8087,"href":"https:\/\/www.toque-musicall.com\/index.php?rest_route=\/wp\/v2\/posts\/2201\/revisions\/8087"}],"wp:attachment":[{"href":"https:\/\/www.toque-musicall.com\/index.php?rest_route=%2Fwp%2Fv2%2Fmedia&parent=2201"}],"wp:term":[{"taxonomy":"category","embeddable":true,"href":"https:\/\/www.toque-musicall.com\/index.php?rest_route=%2Fwp%2Fv2%2Fcategories&post=2201"},{"taxonomy":"post_tag","embeddable":true,"href":"https:\/\/www.toque-musicall.com\/index.php?rest_route=%2Fwp%2Fv2%2Ftags&post=2201"}],"curies":[{"name":"wp","href":"https:\/\/api.w.org\/{rel}","templated":true}]}}