{"id":2202,"date":"2007-08-03T01:22:00","date_gmt":"2007-08-03T04:22:00","guid":{"rendered":"http:\/\/www.toque-musicall.com\/?p=2202"},"modified":"2021-01-10T10:42:29","modified_gmt":"2021-01-10T13:42:29","slug":"ze-rodrix-i-acto-1973","status":"publish","type":"post","link":"https:\/\/www.toque-musicall.com\/?p=2202","title":{"rendered":"Z\u00e9 Rodrix &#8211; I Acto (1973)"},"content":{"rendered":"<p><a href=\"http:\/\/1.bp.blogspot.com\/_DSKVEvHtskc\/RrKRff5fBCI\/AAAAAAAAAB8\/E2zNq9eU560\/s1600-h\/ze+rodrix.JPG\"><img decoding=\"async\" alt=\"\" border=\"0\" id=\"BLOGGER_PHOTO_ID_5094294098834031650\" src=\"http:\/\/1.bp.blogspot.com\/_DSKVEvHtskc\/RrKRff5fBCI\/AAAAAAAAAB8\/E2zNq9eU560\/s400\/ze+rodrix.JPG\" style=\"cursor: hand; display: block; margin: 0px auto 10px; text-align: center;\" \/><\/a><\/p>\n<div>Z\u00e9 Rodrix em seu primeiro disco solo ap\u00f3s ter deixado o S\u00e1 e o Guarabyra. \u00c9 um \u00e1lbum maneiro como s\u00f3 o Z\u00e9 sabe fazer. Suas m\u00fasicas tem a capacidade de envolver as pessoas, assim como os seu jingles de comerciais. Depois de ouvir o disco pela segunda vez a gente j\u00e1 assimila v\u00e1rios trechos das suas m\u00fasicas. Este \u00e1lbum \u00e9 sem d\u00favida (para mim) o melhor disco solo do Z\u00e9 Rodrix. Chamo a aten\u00e7\u00e3o para as faixas &#8220;Casca de caracol&#8221;, &#8220;Eu preciso de voc\u00ea pra me ligar&#8221; e &#8220;Quando voc\u00ea ficar velho&#8221;. Para quem tem mais de 40, esse disco \u00e9 memor\u00e1vel. Escutem! Esse cara \u00e9 muito bom!<\/div>\n<div><\/div>\n<div><\/div>\n","protected":false},"excerpt":{"rendered":"<p>Z\u00e9 Rodrix em seu primeiro disco solo ap\u00f3s ter deixado o S\u00e1 e o Guarabyra. \u00c9 um \u00e1lbum maneiro como s\u00f3 o Z\u00e9 sabe fazer. Suas m\u00fasicas tem a capacidade de envolver as pessoas, assim como os seu jingles de &hellip; <a href=\"https:\/\/www.toque-musicall.com\/?p=2202\">Continue lendo <span class=\"meta-nav\">&rarr;<\/span><\/a><\/p>\n","protected":false},"author":1,"featured_media":0,"comment_status":"closed","ping_status":"closed","sticky":false,"template":"","format":"standard","meta":{"footnotes":""},"categories":[244,111],"tags":[3680,3324],"class_list":["post-2202","post","type-post","status-publish","format-standard","hentry","category-selo-emi-odeon","category-ze-rodrix","tag-selo-emi-odeon","tag-ze-rodrix"],"_links":{"self":[{"href":"https:\/\/www.toque-musicall.com\/index.php?rest_route=\/wp\/v2\/posts\/2202","targetHints":{"allow":["GET"]}}],"collection":[{"href":"https:\/\/www.toque-musicall.com\/index.php?rest_route=\/wp\/v2\/posts"}],"about":[{"href":"https:\/\/www.toque-musicall.com\/index.php?rest_route=\/wp\/v2\/types\/post"}],"author":[{"embeddable":true,"href":"https:\/\/www.toque-musicall.com\/index.php?rest_route=\/wp\/v2\/users\/1"}],"replies":[{"embeddable":true,"href":"https:\/\/www.toque-musicall.com\/index.php?rest_route=%2Fwp%2Fv2%2Fcomments&post=2202"}],"version-history":[{"count":1,"href":"https:\/\/www.toque-musicall.com\/index.php?rest_route=\/wp\/v2\/posts\/2202\/revisions"}],"predecessor-version":[{"id":8086,"href":"https:\/\/www.toque-musicall.com\/index.php?rest_route=\/wp\/v2\/posts\/2202\/revisions\/8086"}],"wp:attachment":[{"href":"https:\/\/www.toque-musicall.com\/index.php?rest_route=%2Fwp%2Fv2%2Fmedia&parent=2202"}],"wp:term":[{"taxonomy":"category","embeddable":true,"href":"https:\/\/www.toque-musicall.com\/index.php?rest_route=%2Fwp%2Fv2%2Fcategories&post=2202"},{"taxonomy":"post_tag","embeddable":true,"href":"https:\/\/www.toque-musicall.com\/index.php?rest_route=%2Fwp%2Fv2%2Ftags&post=2202"}],"curies":[{"name":"wp","href":"https:\/\/api.w.org\/{rel}","templated":true}]}}