{"id":2203,"date":"2007-08-02T03:11:00","date_gmt":"2007-08-02T06:11:00","guid":{"rendered":"http:\/\/www.toque-musicall.com\/?p=2203"},"modified":"2021-01-10T10:43:11","modified_gmt":"2021-01-10T13:43:11","slug":"joao-bosco-1973","status":"publish","type":"post","link":"https:\/\/www.toque-musicall.com\/?p=2203","title":{"rendered":"Jo\u00e3o Bosco (1973)"},"content":{"rendered":"<p><a href=\"http:\/\/3.bp.blogspot.com\/_DSKVEvHtskc\/RrFNGP5fA9I\/AAAAAAAAABU\/SopbGfi2y40\/s1600-h\/Joa%C3%8C%C6%92o+Bosco+1973+RCA.jpg\"><img decoding=\"async\" id=\"BLOGGER_PHOTO_ID_5093937423274935250\" style=\"DISPLAY: block; MARGIN: 0px auto 10px; CURSOR: hand; TEXT-ALIGN: center\" alt=\"\" src=\"http:\/\/3.bp.blogspot.com\/_DSKVEvHtskc\/RrFNGP5fA9I\/AAAAAAAAABU\/SopbGfi2y40\/s400\/Joa%CC%83o+Bosco+1973+RCA.jpg\" border=\"0\" \/><\/a><\/p>\n<div>Este foi o primeiro disco de Jo\u00e3o Bosco, lan\u00e7ado em 1973, registrando sua parceria com Aldir Blanc, em can\u00e7\u00f5es como &#8220;Tristeza de uma embolada&#8221;, &#8220;Nada a desculpar&#8221; e &#8220;Boi&#8221;, entre outras, e incluindo tamb\u00e9m &#8220;Bernardo, o eremita&#8221;, com Aldir Blanc e Cl\u00e1udio Tolomei, al\u00e9m de &#8220;Quem ser\u00e1?&#8221;, com Aldir Blanc e Paulo Em\u00edlio, e &#8220;Amon R\u00e1 e o cavalo de Tr\u00f3ia&#8221;, com Paulo Em\u00edlio. M\u00fasicas que est\u00e3o na boca do povo. Destaque para \u201cBala com bala\u201d que foi gravada por Elis Regina. Disco b\u00e1sico!<\/div>\n<div><\/div>\n<div><\/div>\n","protected":false},"excerpt":{"rendered":"<p>Este foi o primeiro disco de Jo\u00e3o Bosco, lan\u00e7ado em 1973, registrando sua parceria com Aldir Blanc, em can\u00e7\u00f5es como &#8220;Tristeza de uma embolada&#8221;, &#8220;Nada a desculpar&#8221; e &#8220;Boi&#8221;, entre outras, e incluindo tamb\u00e9m &#8220;Bernardo, o eremita&#8221;, com Aldir Blanc &hellip; <a href=\"https:\/\/www.toque-musicall.com\/?p=2203\">Continue lendo <span class=\"meta-nav\">&rarr;<\/span><\/a><\/p>\n","protected":false},"author":1,"featured_media":0,"comment_status":"closed","ping_status":"closed","sticky":false,"template":"","format":"standard","meta":{"footnotes":""},"categories":[134,70],"tags":[4140,3061],"class_list":["post-2203","post","type-post","status-publish","format-standard","hentry","category-joao-bosco","category-selo-rca-victor","tag-joao-bosco","tag-selo-rca-victor"],"_links":{"self":[{"href":"https:\/\/www.toque-musicall.com\/index.php?rest_route=\/wp\/v2\/posts\/2203","targetHints":{"allow":["GET"]}}],"collection":[{"href":"https:\/\/www.toque-musicall.com\/index.php?rest_route=\/wp\/v2\/posts"}],"about":[{"href":"https:\/\/www.toque-musicall.com\/index.php?rest_route=\/wp\/v2\/types\/post"}],"author":[{"embeddable":true,"href":"https:\/\/www.toque-musicall.com\/index.php?rest_route=\/wp\/v2\/users\/1"}],"replies":[{"embeddable":true,"href":"https:\/\/www.toque-musicall.com\/index.php?rest_route=%2Fwp%2Fv2%2Fcomments&post=2203"}],"version-history":[{"count":1,"href":"https:\/\/www.toque-musicall.com\/index.php?rest_route=\/wp\/v2\/posts\/2203\/revisions"}],"predecessor-version":[{"id":8085,"href":"https:\/\/www.toque-musicall.com\/index.php?rest_route=\/wp\/v2\/posts\/2203\/revisions\/8085"}],"wp:attachment":[{"href":"https:\/\/www.toque-musicall.com\/index.php?rest_route=%2Fwp%2Fv2%2Fmedia&parent=2203"}],"wp:term":[{"taxonomy":"category","embeddable":true,"href":"https:\/\/www.toque-musicall.com\/index.php?rest_route=%2Fwp%2Fv2%2Fcategories&post=2203"},{"taxonomy":"post_tag","embeddable":true,"href":"https:\/\/www.toque-musicall.com\/index.php?rest_route=%2Fwp%2Fv2%2Ftags&post=2203"}],"curies":[{"name":"wp","href":"https:\/\/api.w.org\/{rel}","templated":true}]}}